{"provider_url": "https://www.caceres.mt.leg.br", "title": "Pol\u00edtica de Privacidade", "html": "<h2>AVISO DE PRIVACIDADE</h2>\r\n<p class=\"western\" style=\"text-align: justify; \"><span style=\"font-family: arial, sans-serif; \">Este documento tem como objetivo dar transpar\u00eancia ao tratamento de dados efetuado pela </span><span style=\"font-family: arial, sans-serif; \"><b>C\u00e2mara Municipal de C\u00e1ceres</b></span><span style=\"font-family: arial, sans-serif; \">, localizada na Rua Coronel Jos\u00e9 Dulce esquina com Rua General Os\u00f3rio, Centro, C\u00e1ceres \u2013 MT, CEP: 78.2120-056, inscrita no CNPJ sob o n\u00ba 03.960.333/0001-50.</span></p>\r\n<p class=\"western\" style=\"text-align: justify; \"><span style=\"font-family: arial, sans-serif; \"><span><span style=\"color: #000000; \">Dedicamos o presente Aviso de Privacidade para explicar de forma simples e resumida como e quando os dados pessoais dos indiv\u00edduos que n\u00e3o integram esta organiza\u00e7\u00e3o s\u00e3o usados.</span></span></span></p>\r\n<p class=\"western\" style=\"text-align: justify; \"><span style=\"font-family: arial, sans-serif; \"><span><span style=\"color: #000000; \">Seus dados pessoais podem ser tratados por nossa organiza\u00e7\u00e3o em diversas situa\u00e7\u00f5es ou para diversas finalidades, apontadas mais adiante. Em todos os casos, s\u00e3o seguidas as regras estabelecidas pela legisla\u00e7\u00e3o vigente.</span></span></span></p>\r\n<p class=\"western\" style=\"text-align: justify; \"><span style=\"font-family: arial, sans-serif; \"><span><span style=\"color: #000000; \">\u00c9 importante registrar que nossas pr\u00e1ticas de tratamento de dados pessoais podem sofrer altera\u00e7\u00f5es, sempre visando aprimorar a experi\u00eancia de nossos mun\u00edcipes ou fornecedores, bem como a seguran\u00e7a dos dados. Por esta raz\u00e3o, \u00e9 importante conferir este aviso regularmente para saber quando eventualmente ocorrer alguma altera\u00e7\u00e3o deste documento.</span></span></span></p>\r\n<h3><span style=\"font-family: arial, sans-serif; color: rgb(68, 68, 68); \">1. TRATAMENTO DE DADOS PESSOAIS</span></h3>\r\n<p class=\"western\" style=\"text-align: justify; \"><span style=\"font-family: arial, sans-serif; \"><span><span style=\"color: #000000; \">Primeiramente, esclarecemos que o presente Aviso de Privacidade, entende como \"dados pessoais\" todas as informa\u00e7\u00f5es capazes de identificar uma pessoa f\u00edsica, seja de maneira direta ou indiretas, sendo seguidos quatro pilares no que tange o tratamento de dados pessoais, quais sejam: respeito, equil\u00edbrio, responsabilidade e transpar\u00eancia.</span></span></span></p>\r\n<p class=\"western\" style=\"text-align: justify; \"><span style=\"font-family: arial, sans-serif; \"><span><span style=\"color: #000000; \">Os dados pessoais ser\u00e3o coletados majoritariamente por atendimento presencial, telefone, e-mail, aplicativos de mensagens instant\u00e2neas e sistemas eletr\u00f4nicos utilizados pela casa legislativa.</span></span></span></p>\r\n<p class=\"western\" style=\"text-align: justify; \"><span style=\"font-family: arial, sans-serif; \"><span><span style=\"color: #000000; \">Dito isso, \u00e9 importante mencionar que a depender da finalidade do respectivo tratamento, diferentes ser\u00e3o os dados que a entidade p\u00fablica precisa acessar, coletar, ou tratar de modo geral, sendo que os dados que podem ser tratados pela </span><span style=\"color: #000000; \"><b>C\u00e2mara Municipal de C\u00e1ceres</b></span><span style=\"color: #000000; \"> no exerc\u00edcio de suas atividades, estar\u00e3o detalhados mais adiante no pr\u00f3ximo item.</span></span></span></p>\r\n<h3><span style=\"color: rgb(68, 68, 68); font-family: &quot;helvetica neue&quot;, arial, freesans, sans-serif; \">2. FINALIDADE DO USO DOS DADOS PESSOAIS</span></h3>\r\n<p class=\"western\"><span style=\"font-family: arial, sans-serif; \"><span><span style=\"color: #000000; \">O tratamento dos seus dados pessoais \u00e9 necess\u00e1rio, para viabilizar o uso dos sistemas e plataformas operacionais e administrativas utilizadas pela </span><span style=\"color: #000000; \"><b>C\u00e2mara Municipal de C\u00e1ceres</b></span><span style=\"color: #000000; \">, permitindo a atua\u00e7\u00e3o integrada com \u00f3rg\u00e3os governamentais e a melhoria na gest\u00e3o legislativa, assegurando maior efici\u00eancia, precis\u00e3o e transpar\u00eancia no tratamento das informa\u00e7\u00f5es p\u00fablicas.</span></span></span></p>\r\n<p class=\"western\"><span style=\"font-family: arial, sans-serif; \"><span><span style=\"color: #000000; \">Apenas ser\u00e3o tratados aqueles dados que forem necess\u00e1rios \u00e0s finalidades \u00e0s quais se destinaram sua coleta. Ou seja, nenhum dado excedente ser\u00e1 coletado, mantendo-se apenas o tratamento dos dados essenciais para </span><span style=\"color: #000000; \">atingir</span><span style=\"color: #000000; \"> a respectiva finalidade. Desta forma, destacamos que s\u00e3o utilizados os seguintes dados para </span><span style=\"color: #000000; \">se alcan\u00e7ar</span><span style=\"color: #000000; \"> as respectivas finalidades:</span></span></span></p>\r\n<table><colgroup><col width=\"133\"> <col width=\"476\"> </colgroup>\r\n<tbody>\r\n<tr>\r\n<td bgcolor=\"#0b53c7\" colspan=\"2\" width=\"623\">\r\n<p align=\"center\"><span style=\"font-family: arial, sans-serif; \"><span><span style=\"color: #ffffff; \"><span><b>Gest\u00e3o de Recursos Humanos e Pessoal</b></span></span></span></span></p>\r\n</td>\r\n</tr>\r\n<tr>\r\n<td bgcolor=\"#ccaf00\" colspan=\"2\" width=\"623\">\r\n<p align=\"center\"><span style=\"font-family: arial, sans-serif; \"><span><span style=\"color: #ffffff; \"><span><b>Servidor</b></span></span></span></span></p>\r\n</td>\r\n</tr>\r\n<tr>\r\n<td bgcolor=\"#5f9d29\" width=\"133\">\r\n<p align=\"justify\"><span style=\"color: #ffffff; \">\u279c</span><span style=\"font-family: arial, sans-serif; \"><span><span style=\"color: #ffffff; \"><span><b>Dados</b></span></span></span></span></p>\r\n</td>\r\n<td width=\"476\">\r\n<p align=\"justify\"><span style=\"font-family: arial, sans-serif; \"><span><span>Nome completo, n.\u00ba CPF, n.\u00ba RG, data de nascimento, n.\u00ba matr\u00edcula, data de admiss\u00e3o, cargo, matr\u00edcula, departamento, per\u00edodo de afastamento, per\u00edodo de pagamento, endere\u00e7o completo, estado civil, n.\u00ba PIS/PASEP, n.\u00ba t\u00edtulo de eleitor, n.\u00ba de reservista, nacionalidade, filia\u00e7\u00e3o, nome dos pais.</span></span></span></p>\r\n</td>\r\n</tr>\r\n<tr>\r\n<td bgcolor=\"#5f9d29\" width=\"133\">\r\n<p align=\"left\"><span style=\"color: #ffffff; \">\u279c</span><span style=\"font-family: arial, sans-serif; \"><span><span style=\"color: #ffffff; \"><span><b>Documenta\u00e7\u00e3o</b></span></span></span></span></p>\r\n</td>\r\n<td width=\"476\">\r\n<p align=\"justify\"><span style=\"font-family: arial, sans-serif; \"><span><span>Atestado M\u00e9dico, certid\u00e3o de nascimento, certid\u00e3o de \u00f3bito, informa\u00e7\u00e3o sobre processo ativo, declara\u00e7\u00e3o de convoca\u00e7\u00e3o militar, laudo m\u00e9dico, exame admissional, holerite.</span></span></span></p>\r\n</td>\r\n</tr>\r\n<tr>\r\n<td bgcolor=\"#5f9d29\" width=\"133\">\r\n<p align=\"left\"><span style=\"color: #ffffff; \">\u279c</span><span style=\"font-family: arial, sans-serif; \"><span><span style=\"color: #ffffff; \"><span><b>Dados Sens\u00edveis</b></span></span></span></span></p>\r\n</td>\r\n<td width=\"476\">\r\n<p align=\"justify\"><span style=\"font-family: arial, sans-serif; \"><span><span>N.\u00ba CID, tipo sangu\u00edneo, ra\u00e7a/cor, sexo, nome social, biometria, filia\u00e7\u00e3o sindical, informa\u00e7\u00f5es sobre sa\u00fade.</span></span></span></p>\r\n</td>\r\n</tr>\r\n<tr>\r\n<td bgcolor=\"#ccaf00\" colspan=\"2\" width=\"623\">\r\n<p align=\"center\"><span style=\"font-family: arial, sans-serif; \"><span><span style=\"color: #ffffff; \"><span><b>M\u00e9dico</b></span></span></span></span></p>\r\n</td>\r\n</tr>\r\n<tr>\r\n<td bgcolor=\"#5f9d29\" width=\"133\">\r\n<p align=\"justify\"><span style=\"color: #ffffff; \">\u279c</span><span style=\"font-family: arial, sans-serif; \"><span><span style=\"color: #ffffff; \"><span><b>Dados</b></span></span></span></span></p>\r\n</td>\r\n<td width=\"476\">\r\n<p align=\"justify\"><span style=\"font-family: arial, sans-serif; \"><span><span>Nome completo, n.\u00ba CRM, assinatura.</span></span></span></p>\r\n</td>\r\n</tr>\r\n<tr>\r\n<td bgcolor=\"#ccaf00\" colspan=\"2\" width=\"623\">\r\n<p align=\"center\"><span style=\"font-family: arial, sans-serif; \"><span><span style=\"color: #ffffff; \"><span><b>Vereador</b></span></span></span></span></p>\r\n</td>\r\n</tr>\r\n<tr>\r\n<td bgcolor=\"#5f9d29\" width=\"133\">\r\n<p align=\"justify\"><span style=\"color: #ffffff; \">\u279c</span><span style=\"font-family: arial, sans-serif; \"><span><span style=\"color: #ffffff; \"><span><b>Dados</b></span></span></span></span></p>\r\n</td>\r\n<td width=\"476\">\r\n<p align=\"justify\"><span style=\"font-family: arial, sans-serif; \"><span><span>Nome completo, n.\u00ba CPF, n.\u00ba RG, n.\u00ba matr\u00edcula, data de nascimento, data de admiss\u00e3o, cargo, matr\u00edcula, departamento, per\u00edodo de afastamento, endere\u00e7o completo, estado civil, n.\u00ba PIS/PASEP, n.\u00ba t\u00edtulo de eleitor, n.\u00ba de reservista, nacionalidade, filia\u00e7\u00e3o, nome dos pais.</span></span></span></p>\r\n</td>\r\n</tr>\r\n<tr>\r\n<td bgcolor=\"#5f9d29\" width=\"133\">\r\n<p align=\"justify\"><span style=\"color: #ffffff; \">\u279c</span><span style=\"font-family: arial, sans-serif; \"><span><span style=\"color: #ffffff; \"><span><b>Documenta\u00e7\u00e3o</b></span></span></span></span></p>\r\n</td>\r\n<td width=\"476\">\r\n<p align=\"justify\"><span style=\"font-family: arial, sans-serif; \"><span><span>Atestado M\u00e9dico, certid\u00e3o de nascimento, informa\u00e7\u00e3o sobre processo ativo, laudo m\u00e9dico, exame admissional.</span></span></span></p>\r\n</td>\r\n</tr>\r\n<tr>\r\n<td bgcolor=\"#5f9d29\" width=\"133\">\r\n<p align=\"justify\"><span style=\"color: #ffffff; \">\u279c</span><span style=\"font-family: arial, sans-serif; \"><span><span style=\"color: #ffffff; \"><span><b>Dados/Documentos Sens\u00edveis</b></span></span></span></span></p>\r\n</td>\r\n<td width=\"476\">\r\n<p align=\"justify\"><span style=\"font-family: arial, sans-serif; \"><span><span>N.\u00ba CID, tipo sangu\u00edneo, ra\u00e7a/cor, sexo, nome social, biometria, filia\u00e7\u00e3o sindical, informa\u00e7\u00f5es sobre sa\u00fade, </span><span>filia\u00e7\u00e3o partid\u00e1ria</span><span>.</span></span></span></p>\r\n</td>\r\n</tr>\r\n<tr>\r\n<td bgcolor=\"#ccaf00\" colspan=\"2\" width=\"623\">\r\n<p align=\"center\"><span style=\"font-family: arial, sans-serif; \"><span><span style=\"color: #ffffff; \"><span><b>Filho</b></span></span></span></span></p>\r\n</td>\r\n</tr>\r\n<tr>\r\n<td bgcolor=\"#5f9d29\" width=\"133\">\r\n<p align=\"justify\"><span style=\"color: #ffffff; \">\u279c</span><span style=\"font-family: arial, sans-serif; \"><span><span style=\"color: #ffffff; \"><span><b>Dados</b></span></span></span></span></p>\r\n</td>\r\n<td width=\"476\">\r\n<p align=\"justify\"><span style=\"font-family: arial, sans-serif; \"><span><span>Nome completo, n.\u00ba CPF, data de nascimento.</span></span></span></p>\r\n</td>\r\n</tr>\r\n<tr>\r\n<td bgcolor=\"#ccaf00\" colspan=\"2\" width=\"623\">\r\n<p align=\"center\"><span style=\"font-family: arial, sans-serif; \"><span><span style=\"color: #ffffff; \"><span><b>Dependentes</b></span></span></span></span></p>\r\n</td>\r\n</tr>\r\n<tr>\r\n<td bgcolor=\"#5f9d29\" width=\"133\">\r\n<p align=\"justify\"><span style=\"color: #ffffff; \">\u279c</span><span style=\"font-family: arial, sans-serif; \"><span><span style=\"color: #ffffff; \"><span><b>Dados</b></span></span></span></span></p>\r\n</td>\r\n<td width=\"476\">\r\n<p align=\"justify\"><span style=\"font-family: arial, sans-serif; \"><span><span>Nome completo, n.\u00ba CPF.</span></span></span></p>\r\n</td>\r\n</tr>\r\n<tr>\r\n<td bgcolor=\"#0b53c7\" colspan=\"2\" width=\"623\">\r\n<p align=\"center\"><span style=\"font-family: arial, sans-serif; \"><span><span style=\"color: #ffffff; \"><span><b>Gest\u00e3o de Contratos, Compras e Conv\u00eanios</b></span></span></span></span></p>\r\n</td>\r\n</tr>\r\n<tr>\r\n<td bgcolor=\"#ccaf00\" colspan=\"2\" width=\"623\">\r\n<p align=\"center\"><span style=\"font-family: arial, sans-serif; \"><span><span style=\"color: #ffffff; \"><span><b>Representante Legal</b></span></span></span></span></p>\r\n</td>\r\n</tr>\r\n<tr>\r\n<td bgcolor=\"#5f9d29\" width=\"133\">\r\n<p align=\"left\"><span style=\"color: #ffffff; \">\u279c</span><span style=\"font-family: arial, sans-serif; \"><span><span style=\"color: #ffffff; \"><span><b>Dados</b></span></span></span></span></p>\r\n</td>\r\n<td width=\"476\">\r\n<p align=\"justify\"><span style=\"font-family: arial, sans-serif; \"><span><span>Nome completo, n.\u00ba CPF, n.\u00ba RG, nacionalidade, data de nascimento, estado civil, endere\u00e7o completo, telefone, e-mail, assinatura.</span></span></span></p>\r\n</td>\r\n</tr>\r\n<tr>\r\n<td bgcolor=\"#5f9d29\" width=\"133\">\r\n<p align=\"justify\"><span style=\"color: #ffffff; \">\u279c</span><span style=\"font-family: arial, sans-serif; \"><span><span style=\"color: #ffffff; \"><span><b>Documenta\u00e7\u00e3o</b></span></span></span></span></p>\r\n</td>\r\n<td width=\"476\">\r\n<p align=\"justify\"><span style=\"font-family: arial, sans-serif; \"><span><span>Substabelecimento, Contrato Social.</span></span></span></p>\r\n</td>\r\n</tr>\r\n<tr>\r\n<td bgcolor=\"#ccaf00\" colspan=\"2\" width=\"623\">\r\n<p align=\"center\"><span style=\"font-family: arial, sans-serif; \"><span><span style=\"color: #ffffff; \"><span><b>Servidor</b></span></span></span></span></p>\r\n</td>\r\n</tr>\r\n<tr>\r\n<td bgcolor=\"#5f9d29\" width=\"133\">\r\n<p align=\"left\"><span style=\"color: #ffffff; \">\u279c</span><span style=\"font-family: arial, sans-serif; \"><span><span style=\"color: #ffffff; \"><span><b>Dados</b></span></span></span></span></p>\r\n</td>\r\n<td width=\"476\">\r\n<p align=\"justify\"><span style=\"font-family: arial, sans-serif; \"><span><span>Nome completo, n.\u00ba CPF, n.\u00ba RG, nacionalidade, estado civil, endere\u00e7o completo, telefone, e-mail, assinatura.</span></span></span></p>\r\n</td>\r\n</tr>\r\n<tr>\r\n<td bgcolor=\"#ccaf00\" colspan=\"2\" width=\"623\">\r\n<p align=\"center\"><span style=\"font-family: arial, sans-serif; \"><span><span style=\"color: #ffffff; \"><span><b>Respons\u00e1vel pela empresa</b></span></span></span></span></p>\r\n</td>\r\n</tr>\r\n<tr>\r\n<td bgcolor=\"#5f9d29\" width=\"133\">\r\n<p align=\"left\"><span style=\"color: #ffffff; \">\u279c</span><span style=\"font-family: arial, sans-serif; \"><span><span style=\"color: #ffffff; \"><span><b>Dados</b></span></span></span></span></p>\r\n</td>\r\n<td width=\"476\">\r\n<p align=\"justify\"><span style=\"font-family: arial, sans-serif; \"><span><span>Nome completo, n.\u00ba CPF, n.\u00ba RG, endere\u00e7o completo, telefone, nacionalidade, e-mail.</span></span></span></p>\r\n</td>\r\n</tr>\r\n<tr>\r\n<td bgcolor=\"#ccaf00\" colspan=\"2\" width=\"623\">\r\n<p align=\"center\"><span style=\"font-family: arial, sans-serif; \"><span><span style=\"color: #ffffff; \"><span><b>Prestador de servi\u00e7o</b></span></span></span></span></p>\r\n</td>\r\n</tr>\r\n<tr>\r\n<td bgcolor=\"#5f9d29\" width=\"133\">\r\n<p align=\"justify\"><span style=\"color: #ffffff; \">\u279c</span><span style=\"font-family: arial, sans-serif; \"><span><span style=\"color: #ffffff; \"><span><b>Dados</b></span></span></span></span></p>\r\n</td>\r\n<td width=\"476\">\r\n<p align=\"justify\"><span style=\"font-family: arial, sans-serif; \"><span><span>Nome completo, n.\u00ba CPF, n.\u00ba RG, endere\u00e7o completo, telefone, e-mail, assinatura.</span></span></span></p>\r\n</td>\r\n</tr>\r\n<tr>\r\n<td bgcolor=\"#5f9d29\" width=\"133\">\r\n<p align=\"justify\"><span style=\"color: #ffffff; \">\u279c</span><span style=\"font-family: arial, sans-serif; \"><span><span style=\"color: #ffffff; \"><span><b>Dados/Documentos Sens\u00edveis</b></span></span></span></span></p>\r\n</td>\r\n<td width=\"476\">\r\n<p align=\"justify\"><span style=\"font-family: arial, sans-serif; \"><span><span>Dados de sa\u00fade.</span></span></span></p>\r\n</td>\r\n</tr>\r\n<tr>\r\n<td bgcolor=\"#ccaf00\" colspan=\"2\" width=\"623\">\r\n<p align=\"center\"><span style=\"font-family: arial, sans-serif; \"><span><span style=\"color: #ffffff; \"><span><b>Procurador ou Testemunha</b></span></span></span></span></p>\r\n</td>\r\n</tr>\r\n<tr>\r\n<td bgcolor=\"#5f9d29\" width=\"133\">\r\n<p align=\"justify\"><span style=\"color: #ffffff; \">\u279c</span><span style=\"font-family: arial, sans-serif; \"><span><span style=\"color: #ffffff; \"><span><b>Dados</b></span></span></span></span></p>\r\n</td>\r\n<td width=\"476\">\r\n<p align=\"justify\"><span style=\"font-family: arial, sans-serif; \"><span><span>Nome completo, n.\u00ba CPF, n.\u00ba RG, assinatura.</span></span></span></p>\r\n</td>\r\n</tr>\r\n<tr>\r\n<td bgcolor=\"#ccaf00\" colspan=\"2\" width=\"623\">\r\n<p align=\"center\"><span style=\"font-family: arial, sans-serif; \"><span><span style=\"color: #ffffff; \"><span><b>Profissional Vinculado</b></span></span></span></span></p>\r\n</td>\r\n</tr>\r\n<tr>\r\n<td bgcolor=\"#5f9d29\" width=\"133\">\r\n<p align=\"justify\"><span style=\"color: #ffffff; \">\u279c</span><span style=\"font-family: arial, sans-serif; \"><span><span style=\"color: #ffffff; \"><span><b>Dados</b></span></span></span></span></p>\r\n</td>\r\n<td width=\"476\">\r\n<p align=\"justify\"><span style=\"font-family: arial, sans-serif; \"><span><span>Nome completo, n.\u00ba do conselho profissional.</span></span></span></p>\r\n</td>\r\n</tr>\r\n<tr>\r\n<td bgcolor=\"#0b53c7\" colspan=\"2\" width=\"623\">\r\n<p align=\"center\"><span style=\"font-family: arial, sans-serif; \"><span><span style=\"color: #ffffff; \"><span><b>Processos Legislativos e Delibera\u00e7\u00f5es</b></span></span></span></span></p>\r\n</td>\r\n</tr>\r\n<tr>\r\n<td bgcolor=\"#ccaf00\" colspan=\"2\" width=\"623\">\r\n<p align=\"center\"><span style=\"font-family: arial, sans-serif; \"><span><span style=\"color: #ffffff; \"><span><b>Servidor</b></span></span></span></span></p>\r\n</td>\r\n</tr>\r\n<tr>\r\n<td bgcolor=\"#5f9d29\" width=\"133\">\r\n<p align=\"left\"><span style=\"color: #ffffff; \">\u279c</span><span style=\"font-family: arial, sans-serif; \"><span><span style=\"color: #ffffff; \"><span><b>Dados</b></span></span></span></span></p>\r\n</td>\r\n<td width=\"476\">\r\n<p align=\"justify\"><span style=\"font-family: arial, sans-serif; \"><span><span>Nome completo, n.\u00ba CPF, n.\u00ba RG, data de nascimento, estado civil, nacionalidade, endere\u00e7o completo, telefone, e-mail, n.\u00ba PIS/PASEP, n.\u00ba t\u00edtulo de eleitor, n.\u00ba CNH, foto, data de admiss\u00e3o, data de avalia\u00e7\u00e3o, cargo, assinatura.</span></span></span></p>\r\n</td>\r\n</tr>\r\n<tr>\r\n<td bgcolor=\"#5f9d29\" width=\"133\">\r\n<p align=\"justify\"><span style=\"color: #ffffff; \">\u279c</span><span style=\"font-family: arial, sans-serif; \"><span><span style=\"color: #ffffff; \"><span><b>Dados/Documentos Sens\u00edveis</b></span></span></span></span></p>\r\n</td>\r\n<td width=\"476\">\r\n<p align=\"justify\"><span style=\"font-family: arial, sans-serif; \"><span><span>Dados de sa\u00fade, filia\u00e7\u00e3o sindical, sexo, ra\u00e7a/cor, dados sobre antecedentes criminais.</span></span></span></p>\r\n</td>\r\n</tr>\r\n<tr>\r\n<td bgcolor=\"#ccaf00\" colspan=\"2\" width=\"623\">\r\n<p align=\"center\"><span style=\"font-family: arial, sans-serif; \"><span><span style=\"color: #ffffff; \"><span><b>Respons\u00e1vel pela empresa</b></span></span></span></span></p>\r\n</td>\r\n</tr>\r\n<tr>\r\n<td bgcolor=\"#5f9d29\" width=\"133\">\r\n<p align=\"justify\"><span style=\"color: #ffffff; \">\u279c</span><span style=\"font-family: arial, sans-serif; \"><span><span style=\"color: #ffffff; \"><span><b>Dados</b></span></span></span></span></p>\r\n</td>\r\n<td width=\"476\">\r\n<p align=\"justify\"><span style=\"font-family: arial, sans-serif; \"><span><span>Nome completo, n.\u00ba CPF, n.\u00ba RG, endere\u00e7o completo, telefone, e-mail.</span></span></span></p>\r\n</td>\r\n</tr>\r\n<tr>\r\n<td bgcolor=\"#ccaf00\" colspan=\"2\" width=\"623\">\r\n<p align=\"center\"><span style=\"font-family: arial, sans-serif; \"><span><span><b>Prestador de servi\u00e7o</b></span></span></span></p>\r\n</td>\r\n</tr>\r\n<tr>\r\n<td bgcolor=\"#5f9d29\" width=\"133\">\r\n<p align=\"left\"><span style=\"color: #ffffff; \">\u279c<span style=\"font-family: arial, sans-serif; \"><span><span><b>Dados</b></span></span></span></span></p>\r\n</td>\r\n<td width=\"476\">\r\n<p align=\"justify\"><span style=\"font-family: arial, sans-serif; \"><span><span>Nome completo, n.\u00ba CPF, n.\u00ba RG, n.\u00ba CNH, n.\u00ba PIS/PASEP, data de nascimento, endere\u00e7o completo, telefone, e-mail, assinatura.</span></span></span></p>\r\n</td>\r\n</tr>\r\n<tr>\r\n<td bgcolor=\"#ccaf00\" colspan=\"2\" width=\"623\">\r\n<p align=\"center\"><span style=\"font-family: arial, sans-serif; \"><span><span style=\"color: #ffffff; \"><span><b>Mun\u00edcipe</b></span></span></span></span></p>\r\n</td>\r\n</tr>\r\n<tr>\r\n<td bgcolor=\"#5f9d29\" width=\"133\">\r\n<p align=\"left\"><span style=\"color: #ffffff; \">\u279c</span><span style=\"font-family: arial, sans-serif; \"><span><span style=\"color: #ffffff; \"><span><b>Dados</b></span></span></span></span></p>\r\n</td>\r\n<td width=\"476\">\r\n<p align=\"justify\"><span style=\"font-family: arial, sans-serif; \"><span><span>Nome completo, n.\u00ba RG, n.\u00ba CPF, n.\u00ba t\u00edtulo de eleitor, data de nascimento, endere\u00e7o completo.</span></span></span></p>\r\n</td>\r\n</tr>\r\n<tr>\r\n<td bgcolor=\"#5f9d29\" width=\"133\">\r\n<p align=\"justify\"><span style=\"color: #ffffff; \">\u279c</span><span style=\"font-family: arial, sans-serif; \"><span><span style=\"color: #ffffff; \"><span><b>Documenta\u00e7\u00e3o</b></span></span></span></span></p>\r\n</td>\r\n<td width=\"476\">\r\n<p align=\"justify\"><span style=\"font-family: arial, sans-serif; \"><span><span>Termo de Responsabilidade.</span></span></span></p>\r\n</td>\r\n</tr>\r\n<tr>\r\n<td bgcolor=\"#ccaf00\" colspan=\"2\" width=\"623\">\r\n<p align=\"center\"><span style=\"font-family: arial, sans-serif; \"><span><span style=\"color: #ffffff; \"><span><b>Pessoa Homenageada</b></span></span></span></span></p>\r\n</td>\r\n</tr>\r\n<tr>\r\n<td bgcolor=\"#5f9d29\" width=\"133\">\r\n<p align=\"justify\"><span style=\"color: #ffffff; \">\u279c</span><span style=\"font-family: arial, sans-serif; \"><span><span style=\"color: #ffffff; \"><span><b>Dados</b></span></span></span></span></p>\r\n</td>\r\n<td width=\"476\">\r\n<p align=\"justify\"><span style=\"font-family: arial, sans-serif; \"><span><span>Nome completo, data de nascimento, data de \u00f3bito.</span></span></span></p>\r\n</td>\r\n</tr>\r\n<tr>\r\n<td bgcolor=\"#ccaf00\" colspan=\"2\" width=\"623\">\r\n<p align=\"center\"><span style=\"font-family: arial, sans-serif; \"><span><span style=\"color: #ffffff; \"><span><b>Representante do Projeto Social</b></span></span></span></span></p>\r\n</td>\r\n</tr>\r\n<tr>\r\n<td bgcolor=\"#5f9d29\" width=\"133\">\r\n<p align=\"justify\"><span style=\"color: #ffffff; \">\u279c</span><span style=\"font-family: arial, sans-serif; \"><span><span style=\"color: #ffffff; \"><span><b>Dados</b></span></span></span></span></p>\r\n</td>\r\n<td width=\"476\">\r\n<p align=\"justify\"><span style=\"font-family: arial, sans-serif; \"><span><span>Nome completo, imagem/fotografia.</span></span></span></p>\r\n</td>\r\n</tr>\r\n<tr>\r\n<td bgcolor=\"#0b53c7\" colspan=\"2\" width=\"623\">\r\n<p align=\"center\"><span style=\"font-family: arial, sans-serif; \"><span><span style=\"color: #ffffff; \"><span><b>Comunica\u00e7\u00e3o Institucional, Imprensa e Eventos</b></span></span></span></span></p>\r\n</td>\r\n</tr>\r\n<tr>\r\n<td bgcolor=\"#ccaf00\" colspan=\"2\" width=\"623\">\r\n<p align=\"center\"><span style=\"font-family: arial, sans-serif; \"><span><span style=\"color: #ffffff; \"><span><b>Servidor</b></span></span></span></span></p>\r\n</td>\r\n</tr>\r\n<tr>\r\n<td bgcolor=\"#5f9d29\" width=\"133\">\r\n<p align=\"justify\"><span style=\"color: #ffffff; \">\u279c</span><span style=\"font-family: arial, sans-serif; \"><span><span style=\"color: #ffffff; \"><span><b>Dados</b></span></span></span></span></p>\r\n</td>\r\n<td width=\"476\">\r\n<p align=\"justify\"><span style=\"font-family: arial, sans-serif; \"><span><span>Nome completo, data de nascimento, imagens.</span></span></span></p>\r\n</td>\r\n</tr>\r\n<tr>\r\n<td bgcolor=\"#ccaf00\" colspan=\"2\" width=\"623\">\r\n<p align=\"center\"><span style=\"font-family: arial, sans-serif; \"><span><span style=\"color: #ffffff; \"><span><b>Vereador</b></span></span></span></span></p>\r\n</td>\r\n</tr>\r\n<tr>\r\n<td bgcolor=\"#5f9d29\" width=\"133\">\r\n<p align=\"justify\"><span style=\"color: #ffffff; \">\u279c</span><span style=\"font-family: arial, sans-serif; \"><span><span style=\"color: #ffffff; \"><span><b>Dados</b></span></span></span></span></p>\r\n</td>\r\n<td width=\"476\">\r\n<p align=\"justify\"><span style=\"font-family: arial, sans-serif; \"><span><span>Nome completo, data de nascimento, imagens.</span></span></span></p>\r\n</td>\r\n</tr>\r\n<tr>\r\n<td bgcolor=\"#ccaf00\" colspan=\"2\" width=\"623\">\r\n<p align=\"center\"><span style=\"font-family: arial, sans-serif; \"><span><span style=\"color: #ffffff; \"><span><b>Jornalista</b></span></span></span></span></p>\r\n</td>\r\n</tr>\r\n<tr>\r\n<td bgcolor=\"#5f9d29\" width=\"133\">\r\n<p align=\"justify\"><span style=\"color: #ffffff; \">\u279c</span><span style=\"font-family: arial, sans-serif; \"><span><span style=\"color: #ffffff; \"><span><b>Dados</b></span></span></span></span></p>\r\n</td>\r\n<td width=\"476\">\r\n<p align=\"justify\"><span style=\"font-family: arial, sans-serif; \"><span><span>Nome completo, telefone, e-mail.</span></span></span></p>\r\n</td>\r\n</tr>\r\n<tr>\r\n<td bgcolor=\"#ccaf00\" colspan=\"2\" width=\"623\">\r\n<p align=\"center\"><span style=\"font-family: arial, sans-serif; \"><span><span style=\"color: #ffffff; \"><span><b>Mun\u00edcipe</b></span></span></span></span></p>\r\n</td>\r\n</tr>\r\n<tr>\r\n<td bgcolor=\"#5f9d29\" width=\"133\">\r\n<p align=\"justify\"><span style=\"color: #ffffff; \">\u279c</span><span style=\"font-family: arial, sans-serif; \"><span><span style=\"color: #ffffff; \"><span><b>Dados</b></span></span></span></span></p>\r\n</td>\r\n<td width=\"476\">\r\n<p align=\"justify\"><span style=\"font-family: arial, sans-serif; \"><span><span>Nome completo, idade, profiss\u00e3o, imagems, v\u00eddeos.</span></span></span></p>\r\n</td>\r\n</tr>\r\n<tr>\r\n<td bgcolor=\"#ccaf00\" colspan=\"2\" width=\"623\">\r\n<p align=\"center\"><span style=\"font-family: arial, sans-serif; \"><span><span style=\"color: #ffffff; \"><span><b>Convidado</b></span></span></span></span></p>\r\n</td>\r\n</tr>\r\n<tr>\r\n<td bgcolor=\"#5f9d29\" width=\"133\">\r\n<p align=\"left\"><span style=\"color: #ffffff; \">\u279c</span><span style=\"font-family: arial, sans-serif; \"><span><span style=\"color: #ffffff; \"><span><b>Dados</b></span></span></span></span></p>\r\n</td>\r\n<td width=\"476\">\r\n<p align=\"justify\"><span style=\"font-family: arial, sans-serif; \"><span><span>Nome completo, endere\u00e7o completo, telefone, e-mail, cargo, departamento.</span></span></span></p>\r\n</td>\r\n</tr>\r\n<tr>\r\n<td bgcolor=\"#0b53c7\" colspan=\"2\" width=\"623\">\r\n<p align=\"center\"><span style=\"font-family: arial, sans-serif; \"><span><span style=\"color: #ffffff; \"><span><b>Ouvidoria e Participa\u00e7\u00e3o do Cidad\u00e3o</b></span></span></span></span></p>\r\n</td>\r\n</tr>\r\n<tr>\r\n<td bgcolor=\"#ccaf00\" colspan=\"2\" width=\"623\">\r\n<p align=\"center\"><span style=\"font-family: arial, sans-serif; \"><span><span style=\"color: #ffffff; \"><span><b>Manifestante</b></span></span></span></span></p>\r\n</td>\r\n</tr>\r\n<tr>\r\n<td bgcolor=\"#5f9d29\" width=\"133\">\r\n<p align=\"justify\"><span style=\"color: #ffffff; \">\u279c</span><span style=\"font-family: arial, sans-serif; \"><span><span style=\"color: #ffffff; \"><span><b>Dados</b></span></span></span></span></p>\r\n</td>\r\n<td width=\"476\">\r\n<p align=\"justify\"><span style=\"font-family: arial, sans-serif; \"><span><span>Nome completo, n.\u00ba CPF, e-mail, telefone.</span></span></span></p>\r\n</td>\r\n</tr>\r\n<tr>\r\n<td bgcolor=\"#0b53c7\" colspan=\"2\" width=\"623\">\r\n<p align=\"center\"><span style=\"font-family: arial, sans-serif; \"><span><span style=\"color: #ffffff; \"><span><b>Controle Interno e Respostas a \u00d3rg\u00e3os de Fiscaliza\u00e7\u00e3o</b></span></span></span></span></p>\r\n</td>\r\n</tr>\r\n<tr>\r\n<td bgcolor=\"#ccaf00\" colspan=\"2\" width=\"623\">\r\n<p align=\"center\"><span style=\"font-family: arial, sans-serif; \"><span><span style=\"color: #ffffff; \"><span><b>Comissionado</b></span></span></span></span></p>\r\n</td>\r\n</tr>\r\n<tr>\r\n<td bgcolor=\"#5f9d29\" width=\"133\">\r\n<p align=\"left\"><span style=\"color: #ffffff; \">\u279c</span><span style=\"font-family: arial, sans-serif; \"><span><span style=\"color: #ffffff; \"><span><b>Dados</b></span></span></span></span></p>\r\n</td>\r\n<td width=\"476\">\r\n<p align=\"justify\"><span style=\"font-family: arial, sans-serif; \"><span><span>Nome completo, n.\u00ba CPF, n.\u00ba RG, data de nascimento, estado civil, nacionalidade, endere\u00e7o completo, telefone, e-mail, n.\u00ba t\u00edtulo de eleitor, n.\u00ba CNH, n.\u00ba PIS/PASEP, assinatura, foto.</span></span></span></p>\r\n</td>\r\n</tr>\r\n<tr>\r\n<td bgcolor=\"#5f9d29\" width=\"133\">\r\n<p align=\"justify\"><span style=\"color: #ffffff; \">\u279c</span><span style=\"font-family: arial, sans-serif; \"><span><span style=\"color: #ffffff; \"><span><b>Dados/Documentos Sens\u00edveis</b></span></span></span></span></p>\r\n</td>\r\n<td width=\"476\">\r\n<p align=\"justify\"><span style=\"font-family: arial, sans-serif; \"><span><span>Dados de sa\u00fade, Dados de sa\u00fade, informa\u00e7\u00f5es sobre antecedentes criminais, dados biom\u00e9tricos.</span></span></span></p>\r\n</td>\r\n</tr>\r\n<tr>\r\n<td bgcolor=\"#ccaf00\" colspan=\"2\" width=\"623\">\r\n<p align=\"center\"><span style=\"font-family: arial, sans-serif; \"><span><span style=\"color: #ffffff; \"><span><b>Servidor efetivo</b></span></span></span></span></p>\r\n</td>\r\n</tr>\r\n<tr>\r\n<td bgcolor=\"#5f9d29\" width=\"133\">\r\n<p align=\"left\"><span style=\"color: #ffffff; \">\u279c</span><span style=\"font-family: arial, sans-serif; \"><span><span style=\"color: #ffffff; \"><span><b>Dados</b></span></span></span></span></p>\r\n</td>\r\n<td width=\"476\">\r\n<p align=\"justify\"><span style=\"font-family: arial, sans-serif; \"><span><span>Nome completo, n.\u00ba CPF, n.\u00ba RG, \u00f3rg\u00e3o emissor, data de nascimento, estado civil, nacionalidade, endere\u00e7o completo, telefone, e-mail, n.\u00ba t\u00edtulo de eleitor, n.\u00ba CNH, n.\u00ba PIS/PASEP, assinatura, data de admiss\u00e3o, data de avalia\u00e7\u00e3o, data de exonera\u00e7\u00e3o, cargo, n.\u00ba matr\u00edcula, nome dos pais, foto.</span></span></span></p>\r\n</td>\r\n</tr>\r\n<tr>\r\n<td bgcolor=\"#5f9d29\" width=\"133\">\r\n<p align=\"justify\"><span style=\"color: #ffffff; \">\u279c</span><span style=\"font-family: arial, sans-serif; \"><span><span style=\"color: #ffffff; \"><span><b>Dados/Documentos Sens\u00edveis</b></span></span></span></span></p>\r\n</td>\r\n<td width=\"476\">\r\n<p align=\"justify\"><span style=\"font-family: arial, sans-serif; \"><span><span>Dados de sa\u00fade, informa\u00e7\u00f5es sobre antecedentes criminais, dados biom\u00e9tricos.</span></span></span></p>\r\n</td>\r\n</tr>\r\n<tr>\r\n<td bgcolor=\"#ccaf00\" colspan=\"2\" width=\"623\">\r\n<p align=\"center\"><span style=\"font-family: arial, sans-serif; \"><span><span style=\"color: #ffffff; \"><span><b>M\u00e9dico</b></span></span></span></span></p>\r\n</td>\r\n</tr>\r\n<tr>\r\n<td bgcolor=\"#5f9d29\" width=\"133\">\r\n<p align=\"justify\"><span style=\"color: #ffffff; \">\u279c</span><span style=\"font-family: arial, sans-serif; \"><span><span style=\"color: #ffffff; \"><span><b>Dados</b></span></span></span></span></p>\r\n</td>\r\n<td width=\"476\">\r\n<p align=\"justify\"><span style=\"font-family: arial, sans-serif; \"><span><span>Nome completo, n.\u00ba CRM, assinatura.</span></span></span></p>\r\n</td>\r\n</tr>\r\n<tr>\r\n<td bgcolor=\"#0b53c7\" colspan=\"2\" width=\"623\">\r\n<p align=\"center\"><span style=\"font-family: arial, sans-serif; \"><span><span style=\"color: #ffffff; \"><span><b>Gest\u00e3o Financeira, Di\u00e1rias e Suprimentos</b></span></span></span></span></p>\r\n</td>\r\n</tr>\r\n<tr>\r\n<td bgcolor=\"#ccaf00\" colspan=\"2\" width=\"623\">\r\n<p align=\"center\"><span style=\"font-family: arial, sans-serif; \"><span><span style=\"color: #ffffff; \"><span><b>Servidor</b></span></span></span></span></p>\r\n</td>\r\n</tr>\r\n<tr>\r\n<td bgcolor=\"#5f9d29\" width=\"133\">\r\n<p align=\"left\"><span style=\"color: #ffffff; \">\u279c</span><span style=\"font-family: arial, sans-serif; \"><span><span style=\"color: #ffffff; \"><span><b>Dados</b></span></span></span></span></p>\r\n</td>\r\n<td width=\"476\">\r\n<p align=\"justify\"><span style=\"font-family: arial, sans-serif; \"><span><span>Nome completo, n.\u00ba CPF, n.\u00ba RG, endere\u00e7o completo, n.\u00ba PIS/PASEP, cargo, data de nascimento, telefone, e-mail, nacionalidade, dados banc\u00e1rios, n.\u00ba matr\u00edcula.</span></span></span></p>\r\n</td>\r\n</tr>\r\n<tr>\r\n<td bgcolor=\"#ccaf00\" colspan=\"2\" width=\"623\">\r\n<p align=\"center\"><span style=\"font-family: arial, sans-serif; \"><span><span style=\"color: #ffffff; \"><span><b>Vereador</b></span></span></span></span></p>\r\n</td>\r\n</tr>\r\n<tr>\r\n<td bgcolor=\"#5f9d29\" width=\"133\">\r\n<p align=\"left\"><span style=\"color: #ffffff; \">\u279c</span><span style=\"font-family: arial, sans-serif; \"><span><span style=\"color: #ffffff; \"><span><b>Dados</b></span></span></span></span></p>\r\n</td>\r\n<td width=\"476\">\r\n<p align=\"justify\"><span style=\"font-family: arial, sans-serif; \"><span><span>Nome completo, dados banc\u00e1rios, n.\u00ba CPF, n.\u00ba RG, endere\u00e7o completo, n.\u00ba PIS/PASEP.</span></span></span></p>\r\n</td>\r\n</tr>\r\n<tr>\r\n<td bgcolor=\"#ccaf00\" colspan=\"2\" width=\"623\">\r\n<p align=\"center\"><span style=\"font-family: arial, sans-serif; \"><span><span style=\"color: #ffffff; \"><span><b>Assessor</b></span></span></span></span></p>\r\n</td>\r\n</tr>\r\n<tr>\r\n<td bgcolor=\"#5f9d29\" width=\"133\">\r\n<p align=\"justify\"><span style=\"color: #ffffff; \">\u279c</span><span style=\"font-family: arial, sans-serif; \"><span><span style=\"color: #ffffff; \"><span><b>Dados</b></span></span></span></span></p>\r\n</td>\r\n<td width=\"476\">\r\n<p align=\"justify\"><span style=\"font-family: arial, sans-serif; \"><span><span>Nome completo, n.\u00ba CPF, n.\u00ba RG, endere\u00e7o completo, n.\u00ba PIS/PASEP.</span></span></span></p>\r\n</td>\r\n</tr>\r\n<tr>\r\n<td bgcolor=\"#0b53c7\" colspan=\"2\" width=\"623\">\r\n<p align=\"center\"><span style=\"font-family: arial, sans-serif; \"><span><span style=\"color: #ffffff; \"><span><b>Protocolo, Documenta\u00e7\u00e3o e Arquivo</b></span></span></span></span></p>\r\n</td>\r\n</tr>\r\n<tr>\r\n<td bgcolor=\"#ccaf00\" colspan=\"2\" width=\"623\">\r\n<p align=\"center\"><span style=\"font-family: arial, sans-serif; \"><span><span style=\"color: #ffffff; \"><span><b>Vereador</b></span></span></span></span></p>\r\n</td>\r\n</tr>\r\n<tr>\r\n<td bgcolor=\"#5f9d29\" width=\"133\">\r\n<p align=\"justify\"><span style=\"color: #ffffff; \">\u279c</span><span style=\"font-family: arial, sans-serif; \"><span><span style=\"color: #ffffff; \"><span><b>Dados</b></span></span></span></span></p>\r\n</td>\r\n<td width=\"476\">\r\n<p align=\"justify\"><span style=\"font-family: arial, sans-serif; \"><span><span>Nome completo, n.\u00ba CPF, telefone, e-mail, n.\u00ba de identifica\u00e7\u00e3o, n.\u00ba do processo.</span></span></span></p>\r\n</td>\r\n</tr>\r\n<tr>\r\n<td bgcolor=\"#5f9d29\" width=\"133\">\r\n<p align=\"justify\"><span style=\"color: #ffffff; \">\u279c</span><span style=\"font-family: arial, sans-serif; \"><span><span style=\"color: #ffffff; \"><span><b>Documentos</b></span></span></span></span></p>\r\n</td>\r\n<td width=\"476\">\r\n<p align=\"justify\"><span style=\"font-family: arial, sans-serif; \"><span><span>Formul\u00e1rio de Atendimento Pessoal, Registro de Atendimento.</span></span></span></p>\r\n</td>\r\n</tr>\r\n<tr>\r\n<td bgcolor=\"#ccaf00\" colspan=\"2\" width=\"623\">\r\n<p align=\"center\"><span style=\"font-family: arial, sans-serif; \"><span><span style=\"color: #ffffff; \"><span><b>Mun\u00edcipe</b></span></span></span></span></p>\r\n</td>\r\n</tr>\r\n<tr>\r\n<td bgcolor=\"#5f9d29\" width=\"133\">\r\n<p align=\"justify\"><span style=\"color: #ffffff; \">\u279c</span><span style=\"font-family: arial, sans-serif; \"><span><span style=\"color: #ffffff; \"><span><b>Dados</b></span></span></span></span></p>\r\n</td>\r\n<td width=\"476\">\r\n<p align=\"justify\"><span style=\"font-family: arial, sans-serif; \"><span><span>Nome completo, n.\u00ba RG, n.\u00ba CPF, n.\u00ba t\u00edtulo de eleitor, endere\u00e7o completo.</span></span></span></p>\r\n</td>\r\n</tr>\r\n<tr>\r\n<td bgcolor=\"#5f9d29\" width=\"133\">\r\n<p align=\"justify\"><span style=\"color: #ffffff; \">\u279c</span><span style=\"font-family: arial, sans-serif; \"><span><span style=\"color: #ffffff; \"><span><b>Documentos</b></span></span></span></span></p>\r\n</td>\r\n<td width=\"476\">\r\n<p align=\"justify\"><span style=\"font-family: arial, sans-serif; \"><span><span>Formul\u00e1rio de Atendimento Pessoal, Registro de Atendimento.</span></span></span></p>\r\n</td>\r\n</tr>\r\n<tr>\r\n<td bgcolor=\"#ccaf00\" colspan=\"2\" width=\"623\">\r\n<p align=\"center\"><span style=\"font-family: arial, sans-serif; \"><span><span style=\"color: #ffffff; \"><span><b>Servidor</b></span></span></span></span></p>\r\n</td>\r\n</tr>\r\n<tr>\r\n<td bgcolor=\"#5f9d29\" width=\"133\">\r\n<p align=\"justify\"><span style=\"color: #ffffff; \">\u279c</span><span style=\"font-family: arial, sans-serif; \"><span><span style=\"color: #ffffff; \"><span><b>Dados</b></span></span></span></span></p>\r\n</td>\r\n<td width=\"476\">\r\n<p align=\"justify\"><span style=\"font-family: arial, sans-serif; \"><span><span>Nome completo, n.\u00ba CPF, telefone, e-mail.</span></span></span></p>\r\n</td>\r\n</tr>\r\n<tr>\r\n<td bgcolor=\"#5f9d29\" width=\"133\">\r\n<p align=\"justify\"><span style=\"color: #ffffff; \">\u279c</span><span style=\"font-family: arial, sans-serif; \"><span><span style=\"color: #ffffff; \"><span><b>Documentos</b></span></span></span></span></p>\r\n</td>\r\n<td width=\"476\">\r\n<p align=\"justify\"><span style=\"font-family: arial, sans-serif; \"><span><span>Formul\u00e1rio de Atendimento Pessoal, Registro de Atendimento.</span></span></span></p>\r\n</td>\r\n</tr>\r\n<tr>\r\n<td bgcolor=\"#0b53c7\" colspan=\"2\" width=\"623\">\r\n<p align=\"center\"><span style=\"font-family: arial, sans-serif; \"><span><span style=\"color: #ffffff; \"><span><b>Gest\u00e3o de Patrim\u00f4nio, Almoxarifado e Materiais</b></span></span></span></span></p>\r\n</td>\r\n</tr>\r\n<tr>\r\n<td bgcolor=\"#ccaf00\" colspan=\"2\" width=\"623\">\r\n<p align=\"center\"><span style=\"font-family: arial, sans-serif; \"><span><span style=\"color: #ffffff; \"><span><b>Respons\u00e1vel pela empresa</b></span></span></span></span></p>\r\n</td>\r\n</tr>\r\n<tr>\r\n<td bgcolor=\"#5f9d29\" width=\"133\">\r\n<p align=\"justify\"><span style=\"color: #ffffff; \">\u279c</span><span style=\"font-family: arial, sans-serif; \"><span><span style=\"color: #ffffff; \"><span><b>Dados</b></span></span></span></span></p>\r\n</td>\r\n<td width=\"476\">\r\n<p align=\"justify\"><span style=\"font-family: arial, sans-serif; \"><span><span>Nome completo, n.\u00ba RG, n.\u00ba CPF, endere\u00e7o completo, e-mail, telefone.</span></span></span></p>\r\n</td>\r\n</tr>\r\n<tr>\r\n<td bgcolor=\"#ccaf00\" colspan=\"2\" width=\"623\">\r\n<p align=\"center\"><span style=\"font-family: arial, sans-serif; \"><span><span style=\"color: #ffffff; \"><span><b>Servidor</b></span></span></span></span></p>\r\n</td>\r\n</tr>\r\n<tr>\r\n<td bgcolor=\"#5f9d29\" width=\"133\">\r\n<p align=\"justify\"><span style=\"color: #ffffff; \">\u279c</span><span style=\"font-family: arial, sans-serif; \"><span><span style=\"color: #ffffff; \"><span><b>Dados</b></span></span></span></span></p>\r\n</td>\r\n<td width=\"476\">\r\n<p align=\"justify\"><span style=\"font-family: arial, sans-serif; \"><span><span>Nome completo, n.\u00ba CPF, n.\u00ba matr\u00edcula.</span></span></span></p>\r\n</td>\r\n</tr>\r\n<tr>\r\n<td bgcolor=\"#ccaf00\" colspan=\"2\" width=\"623\">\r\n<p align=\"center\"><span style=\"font-family: arial, sans-serif; \"><span><span style=\"color: #ffffff; \"><span><b>Vereador</b></span></span></span></span></p>\r\n</td>\r\n</tr>\r\n<tr>\r\n<td bgcolor=\"#5f9d29\" width=\"133\">\r\n<p align=\"justify\"><span style=\"color: #ffffff; \">\u279c</span><span style=\"font-family: arial, sans-serif; \"><span><span style=\"color: #ffffff; \"><span><b>Dados</b></span></span></span></span></p>\r\n</td>\r\n<td width=\"476\">\r\n<p align=\"justify\"><span style=\"font-family: arial, sans-serif; \"><span><span>Nome completo.</span></span></span></p>\r\n</td>\r\n</tr>\r\n<tr>\r\n<td bgcolor=\"#0b53c7\" colspan=\"2\" width=\"623\">\r\n<p align=\"center\"><span style=\"font-family: arial, sans-serif; \"><span><span style=\"color: #ffffff; \"><span><b>Assessoramento e Atendimento ao Cidad\u00e3o</b></span></span></span></span></p>\r\n</td>\r\n</tr>\r\n<tr>\r\n<td bgcolor=\"#ccaf00\" colspan=\"2\" width=\"623\">\r\n<p align=\"center\"><span style=\"font-family: arial, sans-serif; \"><span><span style=\"color: #ffffff; \"><span><b>Mun\u00edcipe</b></span></span></span></span></p>\r\n</td>\r\n</tr>\r\n<tr>\r\n<td bgcolor=\"#5f9d29\" width=\"133\">\r\n<p align=\"justify\"><span style=\"color: #ffffff; \">\u279c</span><span style=\"font-family: arial, sans-serif; \"><span><span style=\"color: #ffffff; \"><span><b>Dados</b></span></span></span></span></p>\r\n</td>\r\n<td width=\"476\">\r\n<p align=\"justify\"><span style=\"font-family: arial, sans-serif; \"><span><span>Nome completo, n.\u00ba CPF, n.\u00ba RG, data de nascimento, endere\u00e7o completo, telefone, e-mail, assinatura.</span></span></span></p>\r\n</td>\r\n</tr>\r\n<tr>\r\n<td bgcolor=\"#5f9d29\" width=\"133\">\r\n<p align=\"justify\"><span style=\"color: #ffffff; \">\u279c</span><span style=\"font-family: arial, sans-serif; \"><span><span style=\"color: #ffffff; \"><span><b>Dados/Documentos Sens\u00edveis</b></span></span></span></span></p>\r\n</td>\r\n<td width=\"476\">\r\n<p align=\"justify\"><span style=\"font-family: arial, sans-serif; \"><span><span>Dados sa\u00fade, convic\u00e7\u00f5es religiosas, filos\u00f3ficas ou pol\u00edticas, origem racial ou \u00e9tnica.</span></span></span></p>\r\n</td>\r\n</tr>\r\n<tr>\r\n<td bgcolor=\"#5f9d29\" width=\"133\">\r\n<p align=\"justify\"><span style=\"color: #ffffff; \">\u279c</span><span style=\"font-family: arial, sans-serif; \"><span><span style=\"color: #ffffff; \"><span><b>Documentos</b></span></span></span></span></p>\r\n</td>\r\n<td width=\"476\">\r\n<p align=\"justify\"><span style=\"font-family: arial, sans-serif; \"><span><span>Termo de Responsabilidade.</span></span></span></p>\r\n</td>\r\n</tr>\r\n<tr>\r\n<td bgcolor=\"#0b53c7\" colspan=\"2\" width=\"623\">\r\n<p align=\"center\"><span style=\"font-family: arial, sans-serif; \"><span><span style=\"color: #ffffff; \"><span><b>Jur\u00eddico e Gest\u00e3o Judicial</b></span></span></span></span></p>\r\n</td>\r\n</tr>\r\n<tr>\r\n<td bgcolor=\"#ccaf00\" colspan=\"2\" width=\"623\">\r\n<p align=\"center\"><span style=\"font-family: arial, sans-serif; \"><span><span style=\"color: #ffffff; \"><span><b>Servidor</b></span></span></span></span></p>\r\n</td>\r\n</tr>\r\n<tr>\r\n<td bgcolor=\"#5f9d29\" width=\"133\">\r\n<p align=\"justify\"><span style=\"color: #ffffff; \">\u279c</span><span style=\"font-family: arial, sans-serif; \"><span><span style=\"color: #ffffff; \"><span><b>Dados</b></span></span></span></span></p>\r\n</td>\r\n<td width=\"476\">\r\n<p align=\"justify\"><span style=\"font-family: arial, sans-serif; \"><span><span>Nome completo, cargo, n.\u00ba matr\u00edcula, e-mail, qualifica\u00e7\u00f5es profissionais.</span></span></span></p>\r\n</td>\r\n</tr>\r\n<tr>\r\n<td bgcolor=\"#5f9d29\" width=\"133\">\r\n<p align=\"justify\"><span style=\"color: #ffffff; \">\u279c</span><span style=\"font-family: arial, sans-serif; \"><span><span style=\"color: #ffffff; \"><span><b>Dados/Documentos Sens\u00edveis</b></span></span></span></span></p>\r\n</td>\r\n<td width=\"476\">\r\n<p align=\"justify\"><span style=\"font-family: arial, sans-serif; \"><span><span>Dados sa\u00fade.</span></span></span></p>\r\n</td>\r\n</tr>\r\n<tr>\r\n<td bgcolor=\"#ccaf00\" colspan=\"2\" width=\"623\">\r\n<p align=\"center\"><span style=\"font-family: arial, sans-serif; \"><span><span style=\"color: #ffffff; \"><span><b>Mun\u00edcipe</b></span></span></span></span></p>\r\n</td>\r\n</tr>\r\n<tr>\r\n<td bgcolor=\"#5f9d29\" width=\"133\">\r\n<p align=\"left\"><span style=\"color: #ffffff; \">\u279c</span><span style=\"font-family: arial, sans-serif; \"><span><span style=\"color: #ffffff; \"><span><b>Dados</b></span></span></span></span></p>\r\n</td>\r\n<td width=\"476\">\r\n<p align=\"justify\"><span style=\"font-family: arial, sans-serif; \"><span><span>Nome completo, n.\u00ba CPF, n.\u00ba RG, endere\u00e7o completo, estado civil, dados banc\u00e1rios, e-mail, telefone.</span></span></span></p>\r\n</td>\r\n</tr>\r\n<tr>\r\n<td bgcolor=\"#5f9d29\" width=\"133\">\r\n<p align=\"justify\"><span style=\"color: #ffffff; \">\u279c</span><span style=\"font-family: arial, sans-serif; \"><span><span style=\"color: #ffffff; \"><span><b>Dados/Documentos Sens\u00edveis</b></span></span></span></span></p>\r\n</td>\r\n<td width=\"476\">\r\n<p align=\"justify\"><span style=\"font-family: arial, sans-serif; \"><span><span>Dados sa\u00fade, filia\u00e7\u00e3o sindical.</span></span></span></p>\r\n</td>\r\n</tr>\r\n<tr>\r\n<td bgcolor=\"#ccaf00\" colspan=\"2\" width=\"623\">\r\n<p align=\"center\"><span style=\"font-family: arial, sans-serif; \"><span><span style=\"color: #ffffff; \"><span><b>Representante Legal</b></span></span></span></span></p>\r\n</td>\r\n</tr>\r\n<tr>\r\n<td bgcolor=\"#5f9d29\" width=\"133\">\r\n<p align=\"justify\"><span style=\"color: #ffffff; \">\u279c</span><span style=\"font-family: arial, sans-serif; \"><span><span style=\"color: #ffffff; \"><span><b>Dados</b></span></span></span></span></p>\r\n</td>\r\n<td width=\"476\">\r\n<p align=\"justify\"><span style=\"font-family: arial, sans-serif; \"><span><span>Nome completo, n.\u00ba CPF, n.\u00ba RG, e-mail, estado civil, dados banc\u00e1rios, telefone.</span></span></span></p>\r\n</td>\r\n</tr>\r\n<tr>\r\n<td bgcolor=\"#5f9d29\" width=\"133\">\r\n<p align=\"justify\"><span style=\"color: #ffffff; \">\u279c</span><span style=\"font-family: arial, sans-serif; \"><span><span style=\"color: #ffffff; \"><span><b>Dados Sens\u00edveis</b></span></span></span></span></p>\r\n</td>\r\n<td width=\"476\">\r\n<p align=\"justify\"><span style=\"font-family: arial, sans-serif; \"><span><span>Dados sa\u00fade, filia\u00e7\u00e3o pol\u00edtica.</span></span></span></p>\r\n</td>\r\n</tr>\r\n<tr>\r\n<td bgcolor=\"#ccaf00\" colspan=\"2\" width=\"623\">\r\n<p align=\"center\"><span style=\"font-family: arial, sans-serif; \"><span><span style=\"color: #ffffff; \"><span><b>Advogados</b></span></span></span></span></p>\r\n</td>\r\n</tr>\r\n<tr>\r\n<td bgcolor=\"#5f9d29\" width=\"133\">\r\n<p align=\"justify\"><span style=\"color: #ffffff; \">\u279c</span><span style=\"font-family: arial, sans-serif; \"><span><span style=\"color: #ffffff; \"><span><b>Dados</b></span></span></span></span></p>\r\n</td>\r\n<td width=\"476\">\r\n<p align=\"justify\"><span style=\"font-family: arial, sans-serif; \"><span><span>Nome completo, n.\u00ba OAB, e-mail, telefone.</span></span></span></p>\r\n</td>\r\n</tr>\r\n<tr>\r\n<td bgcolor=\"#ccaf00\" colspan=\"2\" width=\"623\">\r\n<p align=\"center\"><span style=\"font-family: arial, sans-serif; \"><span><span style=\"color: #ffffff; \"><span><b>Testemunha</b></span></span></span></span></p>\r\n</td>\r\n</tr>\r\n<tr>\r\n<td bgcolor=\"#5f9d29\" width=\"133\">\r\n<p align=\"justify\"><span style=\"color: #ffffff; \">\u279c</span><span style=\"font-family: arial, sans-serif; \"><span><span style=\"color: #ffffff; \"><span><b>Dados</b></span></span></span></span></p>\r\n</td>\r\n<td width=\"476\">\r\n<p align=\"justify\"><span style=\"font-family: arial, sans-serif; \"><span><span>Nome completo, n.\u00ba CPF, n.\u00ba RG, endere\u00e7o completo.</span></span></span></p>\r\n</td>\r\n</tr>\r\n<tr>\r\n<td bgcolor=\"#0b53c7\" colspan=\"2\" width=\"623\">\r\n<p align=\"center\"><span style=\"font-family: arial, sans-serif; \"><span><span style=\"color: #ffffff; \"><span><b>Educa\u00e7\u00e3o Legislativa e Projetos Educacionais</b></span></span></span></span></p>\r\n</td>\r\n</tr>\r\n<tr>\r\n<td bgcolor=\"#ccaf00\" colspan=\"2\" width=\"623\">\r\n<p align=\"center\"><span style=\"font-family: arial, sans-serif; \"><span><span style=\"color: #ffffff; \"><span><b>Servidor</b></span></span></span></span></p>\r\n</td>\r\n</tr>\r\n<tr>\r\n<td bgcolor=\"#5f9d29\" width=\"133\">\r\n<p align=\"justify\"><span style=\"color: #ffffff; \">\u279c</span><span style=\"font-family: arial, sans-serif; \"><span><span style=\"color: #ffffff; \"><span><b>Dados</b></span></span></span></span></p>\r\n</td>\r\n<td width=\"476\">\r\n<p align=\"justify\"><span style=\"font-family: arial, sans-serif; \"><span><span>Nome completo, n.\u00ba CPF, endere\u00e7o completo.</span></span></span></p>\r\n</td>\r\n</tr>\r\n<tr>\r\n<td bgcolor=\"#ccaf00\" colspan=\"2\" width=\"623\">\r\n<p align=\"center\"><span style=\"font-family: arial, sans-serif; \"><span><span style=\"color: #ffffff; \"><span><b>Presidente</b></span></span></span></span></p>\r\n</td>\r\n</tr>\r\n<tr>\r\n<td bgcolor=\"#5f9d29\" width=\"133\">\r\n<p align=\"justify\"><span style=\"color: #ffffff; \">\u279c</span><span style=\"font-family: arial, sans-serif; \"><span><span style=\"color: #ffffff; \"><span><b>Dados</b></span></span></span></span></p>\r\n</td>\r\n<td width=\"476\">\r\n<p align=\"justify\"><span style=\"font-family: arial, sans-serif; \"><span><span>Nome completo, n.\u00ba CPF, endere\u00e7o completo.</span></span></span></p>\r\n</td>\r\n</tr>\r\n<tr>\r\n<td bgcolor=\"#ccaf00\" colspan=\"2\" width=\"623\">\r\n<p align=\"center\"><span style=\"font-family: arial, sans-serif; \"><span><span style=\"color: #ffffff; \"><span><b>Parceiro</b></span></span></span></span></p>\r\n</td>\r\n</tr>\r\n<tr>\r\n<td bgcolor=\"#5f9d29\" width=\"133\">\r\n<p align=\"justify\"><span style=\"color: #ffffff; \">\u279c</span><span style=\"font-family: arial, sans-serif; \"><span><span style=\"color: #ffffff; \"><span><b>Dados</b></span></span></span></span></p>\r\n</td>\r\n<td width=\"476\">\r\n<p align=\"justify\"><span style=\"font-family: arial, sans-serif; \"><span><span>Nome completo, n.\u00ba CPF, endere\u00e7o completo.</span></span></span></p>\r\n</td>\r\n</tr>\r\n<tr>\r\n<td bgcolor=\"#ccaf00\" colspan=\"2\" width=\"623\">\r\n<p align=\"center\"><span style=\"font-family: arial, sans-serif; \"><span><span style=\"color: #ffffff; \"><span><b>Crian\u00e7a/Jovem/Adolescente</b></span></span></span></span></p>\r\n</td>\r\n</tr>\r\n<tr>\r\n<td bgcolor=\"#5f9d29\" width=\"133\">\r\n<p align=\"justify\"><span style=\"color: #ffffff; \">\u279c</span><span style=\"font-family: arial, sans-serif; \"><span><span style=\"color: #ffffff; \"><span><b>Dados</b></span></span></span></span></p>\r\n</td>\r\n<td width=\"476\">\r\n<p align=\"justify\"><span style=\"font-family: arial, sans-serif; \"><span><span>Nome completo, n.\u00ba CPF, data de nascimento.</span></span></span></p>\r\n</td>\r\n</tr>\r\n<tr>\r\n<td bgcolor=\"#ccaf00\" colspan=\"2\" width=\"623\">\r\n<p align=\"center\"><span style=\"font-family: arial, sans-serif; \"><span><span style=\"color: #ffffff; \"><span><b>Diretora</b></span></span></span></span></p>\r\n</td>\r\n</tr>\r\n<tr>\r\n<td bgcolor=\"#5f9d29\" width=\"133\">\r\n<p align=\"justify\"><span style=\"color: #ffffff; \">\u279c</span><span style=\"font-family: arial, sans-serif; \"><span><span style=\"color: #ffffff; \"><span><b>Dados</b></span></span></span></span></p>\r\n</td>\r\n<td width=\"476\">\r\n<p align=\"justify\"><span style=\"font-family: arial, sans-serif; \"><span><span>Nome completo, telefone.</span></span></span></p>\r\n</td>\r\n</tr>\r\n<tr>\r\n<td bgcolor=\"#ccaf00\" colspan=\"2\" width=\"623\">\r\n<p align=\"center\"><span style=\"font-family: arial, sans-serif; \"><span><span style=\"color: #ffffff; \"><span><b>Palestrante</b></span></span></span></span></p>\r\n</td>\r\n</tr>\r\n<tr>\r\n<td bgcolor=\"#5f9d29\" width=\"133\">\r\n<p align=\"justify\"><span style=\"color: #ffffff; \">\u279c</span><span style=\"font-family: arial, sans-serif; \"><span><span style=\"color: #ffffff; \"><span><b>Dados</b></span></span></span></span></p>\r\n</td>\r\n<td width=\"476\">\r\n<p align=\"justify\"><span style=\"font-family: arial, sans-serif; \"><span><span>Nome completo, e-mail, telefone.</span></span></span></p>\r\n</td>\r\n</tr>\r\n<tr>\r\n<td bgcolor=\"#ccaf00\" colspan=\"2\" width=\"623\">\r\n<p align=\"center\"><span style=\"font-family: arial, sans-serif; \"><span><span style=\"color: #ffffff; \"><span><b>Participante</b></span></span></span></span></p>\r\n</td>\r\n</tr>\r\n<tr>\r\n<td bgcolor=\"#5f9d29\" width=\"133\">\r\n<p align=\"justify\"><span style=\"color: #ffffff; \">\u279c</span><span style=\"font-family: arial, sans-serif; \"><span><span style=\"color: #ffffff; \"><span><b>Dados</b></span></span></span></span></p>\r\n</td>\r\n<td width=\"476\">\r\n<p align=\"justify\"><span style=\"font-family: arial, sans-serif; \"><span><span>Nome completo, CPF, </span><span>RG, sexo, Endere\u00e7o, Nome da M\u00e3e, Cargo/Fun\u00e7\u00e3o, Setor/Departamento, Telefone, e-mail</span></span></span></p>\r\n</td>\r\n</tr>\r\n<tr>\r\n<td bgcolor=\"#0b53c7\" colspan=\"2\" width=\"623\">\r\n<p align=\"center\"><span style=\"font-family: arial, sans-serif; \"><span><span style=\"color: #ffffff; \"><span><b>Tecnologia da Informa\u00e7\u00e3o</b></span></span></span></span></p>\r\n</td>\r\n</tr>\r\n<tr>\r\n<td bgcolor=\"#ccaf00\" colspan=\"2\" width=\"623\">\r\n<p align=\"center\"><span style=\"font-family: arial, sans-serif; \"><span><span style=\"color: #ffffff; \"><span><b>Servidor</b></span></span></span></span></p>\r\n</td>\r\n</tr>\r\n<tr>\r\n<td bgcolor=\"#5f9d29\" width=\"133\">\r\n<p align=\"left\"><span style=\"color: #ffffff; \">\u279c</span><span style=\"font-family: arial, sans-serif; \"><span><span style=\"color: #ffffff; \"><span><b>Dados</b></span></span></span></span></p>\r\n</td>\r\n<td width=\"476\">\r\n<p align=\"justify\"><span style=\"font-family: arial, sans-serif; \"><span><span>Nome completo, nome dos pais, estado civil, nacionalidade, n.\u00ba CPF, n.\u00ba RG, data de nascimento, n.\u00ba t\u00edtulo de eleitor, n.\u00ba CNH, endere\u00e7o completo, n.\u00ba CEP, telefone, e-mail, n.\u00ba PIS/PASEP, assinatura, foto, imagens.</span></span></span></p>\r\n</td>\r\n</tr>\r\n<tr>\r\n<td bgcolor=\"#5f9d29\" width=\"133\">\r\n<p align=\"justify\"><span style=\"color: #ffffff; \">\u279c</span><span style=\"font-family: arial, sans-serif; \"><span><span style=\"color: #ffffff; \"><span><b>Dados/Documentos Sens\u00edveis</b></span></span></span></span></p>\r\n</td>\r\n<td width=\"476\">\r\n<p align=\"justify\"><span style=\"font-family: arial, sans-serif; \"><span><span>Dados sa\u00fade.</span></span></span></p>\r\n</td>\r\n</tr>\r\n<tr>\r\n<td bgcolor=\"#ccaf00\" colspan=\"2\" width=\"623\">\r\n<p align=\"center\"><span style=\"font-family: arial, sans-serif; \"><span><span style=\"color: #ffffff; \"><span><b>Mun\u00edcipe</b></span></span></span></span></p>\r\n</td>\r\n</tr>\r\n<tr>\r\n<td bgcolor=\"#5f9d29\" width=\"133\">\r\n<p align=\"justify\"><span style=\"color: #ffffff; \">\u279c</span><span style=\"font-family: arial, sans-serif; \"><span><span style=\"color: #ffffff; \"><span><b>Dados</b></span></span></span></span></p>\r\n</td>\r\n<td width=\"476\">\r\n<p align=\"justify\"><span style=\"font-family: arial, sans-serif; \"><span><span>Nome completo, e-mail, telefone, imagens.</span></span></span></p>\r\n</td>\r\n</tr>\r\n<tr>\r\n<td bgcolor=\"#ccaf00\" colspan=\"2\" width=\"623\">\r\n<p align=\"center\"><span style=\"font-family: arial, sans-serif; \"><span><span style=\"color: #ffffff; \"><span><b>Parlamentar</b></span></span></span></span></p>\r\n</td>\r\n</tr>\r\n<tr>\r\n<td bgcolor=\"#5f9d29\" width=\"133\">\r\n<p align=\"justify\"><span style=\"color: #ffffff; \">\u279c</span><span style=\"font-family: arial, sans-serif; \"><span><span style=\"color: #ffffff; \"><span><b>Dados</b></span></span></span></span></p>\r\n</td>\r\n<td width=\"476\">\r\n<p align=\"justify\"><span style=\"font-family: arial, sans-serif; \"><span><span>Nome completo, e-mail, telefone, imagens.</span></span></span></p>\r\n</td>\r\n</tr>\r\n<tr>\r\n<td bgcolor=\"#ccaf00\" colspan=\"2\" width=\"623\">\r\n<p align=\"center\"><span style=\"font-family: arial, sans-serif; \"><span><span style=\"color: #ffffff; \"><span><b>Outros interessados</b></span></span></span></span></p>\r\n</td>\r\n</tr>\r\n<tr>\r\n<td bgcolor=\"#5f9d29\" width=\"133\">\r\n<p align=\"justify\"><span style=\"color: #ffffff; \">\u279c</span><span style=\"font-family: arial, sans-serif; \"><span><span style=\"color: #ffffff; \"><span><b>Dados</b></span></span></span></span></p>\r\n</td>\r\n<td width=\"476\">\r\n<p align=\"justify\"><span style=\"font-family: arial, sans-serif; \"><span><span>Nome completo, e-mail, telefone, imagens.</span></span></span></p>\r\n</td>\r\n</tr>\r\n<tr>\r\n<td bgcolor=\"#0b53c7\" colspan=\"2\" width=\"623\">\r\n<p align=\"center\"><span style=\"font-family: arial, sans-serif; \"><span><span style=\"color: #ffffff; \"><span><b>Compet\u00eancia das Comiss\u00f5es Internas</b></span></span></span></span></p>\r\n</td>\r\n</tr>\r\n<tr>\r\n<td bgcolor=\"#ccaf00\" colspan=\"2\" width=\"623\">\r\n<p align=\"center\"><span style=\"font-family: arial, sans-serif; \"><span><span style=\"color: #ffffff; \"><span><b>Servidor</b></span></span></span></span></p>\r\n</td>\r\n</tr>\r\n<tr>\r\n<td bgcolor=\"#5f9d29\" width=\"133\">\r\n<p align=\"left\"><span style=\"color: #ffffff; \">\u279c</span><span style=\"font-family: arial, sans-serif; \"><span><span style=\"color: #ffffff; \"><span><b>Dados</b></span></span></span></span></p>\r\n</td>\r\n<td width=\"476\">\r\n<p align=\"justify\"><span style=\"font-family: arial, sans-serif; \"><span><span>Nome completo, n.\u00ba CPF, n.\u00ba RG, \u00f3rg\u00e3o emissor, cargo, data de admiss\u00e3o, data de nascimento, endere\u00e7o completo, telefone, e-mail, nacionalidade, n.\u00ba PIS/PASEP.</span></span></span></p>\r\n</td>\r\n</tr>\r\n</tbody>\r\n</table>\r\n<p class=\"western\">\u00a0</p>\r\n<p class=\"western\" style=\"text-align: justify; \"><span style=\"font-family: arial, sans-serif; \"><span><span style=\"color: #000000; \">Caso haja alguma d\u00favida sobre o porqu\u00ea qualquer dado pessoal seu foi solicitado ou tratado pela </span><span style=\"color: #000000; \"><b>C\u00e2mara de C\u00e1ceres</b></span><span style=\"color: #000000; \">, ou qual o fundamento legal para tal tratamento, pedimos a gentileza de fazer contato com nosso Encarregado de Prote\u00e7\u00e3o de Dados Pessoais, pelos canais indicados ao final deste documento, solicitando os esclarecimentos que entender pertinentes.</span></span></span></p>\r\n<p class=\"western\" style=\"text-align: justify; \"><span style=\"font-family: arial, sans-serif; \"><span><span style=\"color: #000000; \">A entidade estar\u00e1 pronta para lhe prestar todas as informa\u00e7\u00f5es necess\u00e1rias ao exerc\u00edcio dos seus direitos garantidos pela Lei Geral de Prote\u00e7\u00e3o de Dados.</span></span></span></p>\r\n<h3>3. PRINC\u00cdPIOS PARA TRATAMENTO DE DADOS PESSOAIS</h3>\r\n<p class=\"western\" style=\"text-align: justify; \"><span style=\"font-family: arial, sans-serif; \"><span><span style=\"color: #000000; \">\u00c9 importante esclarecer que todos os seus dados eventualmente tratados por esta entidade p\u00fablica somente s\u00e3o tratados para atingir alguma finalidade fundamentada na Lei Geral de Prote\u00e7\u00e3o de Dados (Lei n. 13.709/2018). </span></span></span></p>\r\n<p class=\"western\" style=\"text-align: justify; \"><span style=\"font-family: arial, sans-serif; \"><span><span style=\"color: #000000; \">S\u00e3o hip\u00f3teses legais que sustentam o tratamento de dados pessoais pela </span><span style=\"color: #000000; \"><b>C\u00e2mara de C\u00e1ceres:</b></span></span></span></p>\r\n<p class=\"western\" style=\"text-align: justify; \"><span style=\"color: #000000; \">\u279c </span><span style=\"font-family: arial, sans-serif; \"><span><span style=\"color: #0d0d0d; \">Mediante a pr\u00e9via obten\u00e7\u00e3o de consentimento por parte do titular dos dados pessoais, quando aplic\u00e1vel;</span></span></span></p>\r\n<p class=\"western\" style=\"text-align: justify; \"><span style=\"color: #000000; \">\u279c </span><span style=\"font-family: arial, sans-serif; \"><span><span style=\"color: #0d0d0d; \">Para cumprir com obriga\u00e7\u00f5es legais ou regulat\u00f3rias que demandem o tratamento dos dados pessoais;</span></span></span></p>\r\n<p class=\"western\" style=\"text-align: justify; \"><span style=\"color: #000000; \">\u279c </span><span style=\"font-family: arial, sans-serif; \"><span><span style=\"color: #0d0d0d; \">Quando essencial para a negocia\u00e7\u00e3o ou execu\u00e7\u00e3o de contratos estabelecidos com fornecedores ou terceiros pela </span><span style=\"color: #0d0d0d; \"><b>C\u00e2mara de C\u00e1ceres;</b></span></span></span></p>\r\n<p class=\"western\" style=\"text-align: justify; \"><span style=\"color: #000000; \">\u279c</span><span style=\"color: #0d0d0d; \"> <span style=\"font-family: arial, sans-serif; \"><span>Para o exerc\u00edcio regular de direitos, incluindo em processos judiciais, administrativos ou arbitrais;</span></span></span></p>\r\n<p class=\"western\" style=\"text-align: justify; \"><span style=\"color: #000000; \">\u279c <span style=\"font-family: arial, sans-serif; \"><span>Quando necess\u00e1rio para atender a interesses leg\u00edtimos da C\u00e2mara de C\u00e1ceres ou de terceiros, respeitados os direitos e liberdades fundamentais do titular que exijam a prote\u00e7\u00e3o dos dados pessoais;</span></span></span></p>\r\n<p class=\"western\" style=\"text-align: justify; \"><span style=\"color: #000000; \">\u279c</span><span style=\"color: #0d0d0d; \"> <span style=\"font-family: arial, sans-serif; \"><span>Quando necess\u00e1rio para proteger a vida ou a integridade f\u00edsica do titular dos dados ou de terceiros; e</span></span></span></p>\r\n<p class=\"western\" style=\"text-align: justify; \"><span style=\"color: #000000; \">\u279c</span><span style=\"color: #0d0d0d; \"> <span style=\"font-family: arial, sans-serif; \"><span>Para garantir a seguran\u00e7a das opera\u00e7\u00f5es e prevenir fraudes, especialmente em procedimentos de identifica\u00e7\u00e3o, controle de acesso \u00e0s instala\u00e7\u00f5es e valida\u00e7\u00e3o de informa\u00e7\u00f5es nos sistemas utilizados pela </span><span style=\"color: #0d0d0d; \"><b>C\u00e2mara de C\u00e1ceres.</b></span></span></span></p>\r\n<h3 style=\"text-align: justify; \">4. COOKIES, WEBBEACONS E OUTRAS TECNOLOGIAS</h3>\r\n<p class=\"western\" style=\"text-align: justify; \"><span style=\"font-family: arial, sans-serif; \"><span><span style=\"color: #000000; \">Quando voc\u00ea entrar em nosso site pela primeira vez ser\u00e1 solicitada a sua concord\u00e2ncia para o tratamento dos seus dados de navega\u00e7\u00e3o, ou cookies, pela </span><span style=\"color: #000000; \"><b>C\u00e2mara de C\u00e1ceres</b></span><span style=\"color: #000000; \">. Caso haja o consentimento para o uso dos seus cookies, estes servir\u00e3o para auxiliar no diagn\u00f3stico e solu\u00e7\u00e3o de eventuais problemas t\u00e9cnicos do site ou da navega\u00e7\u00e3o, bem como para desenvolver novas melhorias que elevem a qualidade da sua experi\u00eancia em nossa plataforma. </span></span></span></p>\r\n<p class=\"western\" style=\"text-align: justify; \"><span style=\"font-family: arial, sans-serif; \"><span><span style=\"color: #000000; \">As tecnologias de monitoramento tamb\u00e9m s\u00e3o usadas para fins estat\u00edsticos, sem individualizar o usu\u00e1rio. </span></span></span></p>\r\n<p class=\"western\" style=\"text-align: justify; \"><span style=\"font-family: arial, sans-serif; \"><span><span style=\"color: #000000; \">Em nenhuma hip\u00f3tese ser\u00e3o utilizados cookies maliciosos, tampouco as informa\u00e7\u00f5es dos seus cookies ser\u00e3o fornecidas a terceiros ou compartilhadas a qualquer pretexto. N\u00e3o havendo o seu consentimento, n\u00e3o ser\u00e3o usados seus cookies, por\u00e9m, estar\u00e1 ciente de que a navega\u00e7\u00e3o em nosso site n\u00e3o ir\u00e1 aproveitar todas suas funcionalidades. </span></span></span></p>\r\n<h3>5. COMPARTILHAMENTO DE DADOS PESSOAIS</h3>\r\n<p class=\"western\" style=\"text-align: justify; \"><span style=\"font-family: arial, sans-serif; \"><span><span style=\"color: #000000; \">Seus dados podem ser transferidos ou compartilhados </span><span style=\"color: #000000; \">com terceiros</span><span style=\"color: #000000; \"> que prestam servi\u00e7os de armazenamentos de bancos de dados e de apoio administrativo. Tamb\u00e9m ser\u00e3o compartilhadas informa\u00e7\u00f5es quando necess\u00e1ria para a preserva\u00e7\u00e3o de direitos e/ou cumprimento de obriga\u00e7\u00f5es legais, se requisitadas por autoridades p\u00fablicas, ou se necess\u00e1rio para atendimento a determina\u00e7\u00e3o judicial, sendo que s</span><span style=\"color: #0d0d0d; \">empre garantiremos total transpar\u00eancia e agiremos de acordo com as expectativas dos titulares dos dados que se envolvem conosco, f</span><span style=\"color: #000000; \">risando que a </span><span style=\"color: #000000; \"><b>C\u00e2mara de C\u00e1ceres </b></span><span style=\"color: #000000; \">n\u00e3o comercializa dados pessoais de qualquer pessoa, em nenhuma hip\u00f3tese.</span></span></span></p>\r\n<p class=\"western\" style=\"text-align: justify; \"><span style=\"font-family: arial, sans-serif; \"><span><span style=\"color: #000000; \">Todos os prestadores de servi\u00e7o ou parceiros da </span><span style=\"color: #000000; \"><b>C\u00e2mara de C\u00e1ceres </b></span><span style=\"color: #000000; \">que possuem acesso aos seus dados, assim o fazem \u00fanica e exclusivamente com a finalidade de cumprir o contrato de presta\u00e7\u00e3o de servi\u00e7o respectivo e nos estritos limites da pr\u00f3pria presta\u00e7\u00e3o do servi\u00e7o.</span></span></span></p>\r\n<h3>5.1 Compartilhamento internacional de dados pessoais</h3>\r\n<p class=\"western\" style=\"text-align: justify; \"><span style=\"font-family: arial, sans-serif; \"><span><span style=\"color: #000000; \">Para que o </span><span style=\"color: #000000; \"><b>C\u00e2mara de C\u00e1ceres </b></span><span style=\"color: #000000; \">realize a sua presta\u00e7\u00e3o de servi\u00e7os</span><span style=\"color: #000000; \"><b> </b></span>podem estar inclu\u00eddos nas opera\u00e7\u00f5es prestadores de servi\u00e7o em nuvem, a exemplo dos Estados Unidos, sendo que conforme estabelecido pela legisla\u00e7\u00e3o nacional, a transfer\u00eancia internacional de dados pessoais pode ser realizada para<span style=\"color: #ff4000; \"> </span><span style=\"color: #000000; \">prestadores de servi\u00e7o</span><span style=\"color: #ff4000; \"> </span>ou organiza\u00e7\u00f5es internacionais localizadas em pa\u00edses que ofere\u00e7am um n\u00edvel de prote\u00e7\u00e3o de dados pessoais compat\u00edvel com o previsto na Lei, ou que garantam esse mesmo n\u00edvel de prote\u00e7\u00e3o por meio de acordos contratuais.</span></span></p>\r\n<p class=\"western\" style=\"text-align: justify; \"><span style=\"font-family: arial, sans-serif; \"><span>Desta forma, asseguramos que, ao transferir dados pessoais para pa\u00edses com normas de seguran\u00e7a distintas, adotamos medidas adequadas para assegurar a conformidade com a legisla\u00e7\u00e3o brasileira, no que tange a seguran\u00e7a ao realizar o compartilhamento internacional de dados pessoais. </span></span></p>\r\n<h3>6. ARMAZENAMNETO E PER\u00cdODO DE CONSERVA\u00c7\u00c3O DOS DADOS PESSOAIS</h3>\r\n<p class=\"western\" style=\"text-align: justify; \"><span style=\"font-family: arial, sans-serif; \"><span><span style=\"color: #000000; \">Seus dados coletados digitalmente s\u00e3o armazenados majoritariamente em servidores do tipo cloud. Importante ressaltar que mesmo os dados armazenados em um servidor cloud, \u201cnuvem\u201d, o controle e a responsabilidade sobre os dados continuam tendo a </span><span style=\"color: #000000; \"><b>C\u00e2mara de C\u00e1ceres</b></span><span style=\"color: #000000; \"> como controladora em conjunto com a empresa que faz a opera\u00e7\u00e3o do tratamento respectivo.</span></span></span></p>\r\n<p class=\"western\" style=\"text-align: justify; \"><span style=\"font-family: arial, sans-serif; \"><span><span style=\"color: #000000; \">O per\u00edodo de conserva\u00e7\u00e3o e armazenamento dos dados varia de acordo com a finalidade para a qual o dado foi coletado ou \u00e9 armazenado, mas de modo geral o dado \u00e9 utilizado apenas durante o per\u00edodo em que se faz necess\u00e1rio \u00e0 presta\u00e7\u00e3o dos servi\u00e7os, ficando armazenado apenas para fins de prote\u00e7\u00e3o de direitos ap\u00f3s este per\u00edodo, sem uso, podendo ser adotada como premissa que o per\u00edodo de reten\u00e7\u00e3o de cada dado \u00e9 relacionado ao per\u00edodo prescricional das poss\u00edveis a\u00e7\u00f5es judiciais e processos administrativos relacionados a cada dado.</span></span></span></p>\r\n<h3>7. DA SEGURAN\u00c7A DOS DADOS</h3>\r\n<p class=\"western\" style=\"text-align: justify; \"><span style=\"font-family: arial, sans-serif; \"><span><span style=\"color: #000000; \">S\u00e3o adotadas diversas medidas de seguran\u00e7a, para que seus dados sejam armazenados de maneira segura, cumprindo todas as medidas legais impostas pela Lei Geral de Prote\u00e7\u00e3o de Dados, sendo que a </span><span style=\"color: #000000; \"><b>C\u00e2mara de C\u00e1ceres</b></span><span style=\"color: #000000; \"> possui procedimentos, pol\u00edticas e sistemas de Controle de Seguran\u00e7a da Informa\u00e7\u00e3o concebidos e executados para assegurar a confidencialidade, integridade e disponibilidade dos dados pessoais, sendo adotadas medidas para registrar e rastrear o acesso aos dados pessoais, permitindo o monitoramento das intera\u00e7\u00f5es e a pronta identifica\u00e7\u00e3o e corre\u00e7\u00e3o de quaisquer eventos adversos.</span></span></span></p>\r\n<p class=\"western\" style=\"text-align: justify; \"><span style=\"color: #000000; \"> <span style=\"font-family: arial, sans-serif; \"><span>As medidas de seguran\u00e7a visam, dentre outros, impedir o acesso n\u00e3o autorizado, a destrui\u00e7\u00e3o, a perda, a altera\u00e7\u00e3o, ou qualquer forma de tratamento inadequado ou il\u00edcito dos seus dados que estejam conosco.</span></span></span></p>\r\n<p class=\"western\" style=\"text-align: justify; \"><span style=\"font-family: arial, sans-serif; \"><span><span style=\"color: #000000; \">Ressaltamos, por\u00e9m, que infelizmente nenhuma plataforma digital \u00e9 absolutamente segura. A busca por maior seguran\u00e7a \u00e9 cont\u00ednua em nossa entidade p\u00fablica, por\u00e9m nenhuma tecnologia de seguran\u00e7a dispon\u00edvel no mercado \u00e9 infal\u00edvel,</span><span style=\"color: #ff4000; \"> </span><span style=\"color: #000000; \">isto \u00e9 fato.</span></span></span></p>\r\n<p class=\"western\" style=\"text-align: justify; \"><span style=\"font-family: arial, sans-serif; \"><span><span style=\"color: #000000; \">Desta forma, a </span><span style=\"color: #000000; \"><b>C\u00e2mara de C\u00e1ceres</b></span><span style=\"color: #000000; \"> n\u00e3o se responsabiliza por incidentes de seguran\u00e7a que venham a ser gerados ou causados por terceiros, sem sua culpa. Sendo assim, caso esteja preocupado com a seguran\u00e7a dos seus dados, fa\u00e7a contato conosco atrav\u00e9s de nosso Encarregado de Dados para que possamos lhe auxiliar e esclarecer o que for preciso.</span></span></span></p>\r\n<h3>8. DIREITOS DOS TITULARES</h3>\r\n<p class=\"western\" style=\"text-align: justify; \"><span style=\"font-family: arial, sans-serif; \"><span><span style=\"color: #000000; \">A requisi\u00e7\u00e3o de qualquer direito envolvendo a Lei Geral de Prote\u00e7\u00e3o de Dados, pelo titular, dever\u00e1 ser feita atrav\u00e9s do preenchimento do competente formul\u00e1rio, que dever\u00e1 ser solicitado ao Encarregado de Prote\u00e7\u00e3o de Dados Pessoais </span><span style=\"color: #000000; \"><span>pessoalmente, na sede da organiza\u00e7\u00e3o, ou </span></span><span style=\"color: #000000; \">por e-mail, atrav\u00e9s do contato indicado mais adiante.</span></span></span></p>\r\n<p class=\"western\" style=\"text-align: justify; \"><span style=\"font-family: arial, sans-serif; \"><span><span style=\"color: #000000; \">Para a requisi\u00e7\u00e3o de direitos ser\u00e1 necess\u00e1ria a confirma\u00e7\u00e3o da sua identidade ou de respons\u00e1veis, tutores, curadores e outros representantes legais, por isto, o nosso Encarregado de Prote\u00e7\u00e3o de Dados Pessoais poder\u00e1 lhe solicitar alguns dados e documento complementares \u00e0 solicita\u00e7\u00e3o. </span></span></span></p>\r\n<p class=\"western\" style=\"text-align: justify; \"><span style=\"font-family: arial, sans-serif; \"><span><span style=\"color: #000000; \">Os titulares dos dados poder\u00e3o solicitar exibi\u00e7\u00e3o, corre\u00e7\u00e3o de dados inexatos, incompletos ou desatualizados ou anonimiza\u00e7\u00e3o, bloqueio ou exclus\u00e3o de seus dados, elimina\u00e7\u00e3o dos dados, salvo nos casos em que a manuten\u00e7\u00e3o dos dados coletados \u00e9 necess\u00e1ria para preserva\u00e7\u00e3o de direito e/ou cumprimento de obriga\u00e7\u00f5es legais ou contratuais.</span></span></span></p>\r\n<p class=\"western\" style=\"text-align: justify; \"><span style=\"color: #000000; \"> <span style=\"font-family: arial, sans-serif; \"><span>Nos casos em que os titulares requererem a revoga\u00e7\u00e3o do consentimento para futura coleta e tratamento de seus dados pessoais, \u00e9 importante terem ci\u00eancia de que isso poder\u00e1 inviabilizar parcial ou totalmente a presta\u00e7\u00e3o de algum servi\u00e7o, a execu\u00e7\u00e3o de alguma demanda, ou a prote\u00e7\u00e3o de algum direito do pr\u00f3prio titular. </span></span></span></p>\r\n<p class=\"western\" style=\"text-align: justify; \"><span style=\"font-family: arial, sans-serif; \"><span><span style=\"color: #000000; \">Caso aprovada a solicita\u00e7\u00e3o de exclus\u00e3o dos dados, a </span><span style=\"color: #000000; \"><b>C\u00e2mara de C\u00e1ceres </b></span><span style=\"color: #000000; \">eliminar\u00e1 todos os seus dados de todos os nossos bancos de dados, ressalvados aqueles essenciais ao cumprimento de obriga\u00e7\u00e3o legal ou de \u00f3rg\u00e3o regulador, para a prote\u00e7\u00e3o de direitos do \u00f3rg\u00e3o, em eventual demanda judicial ou administrativa, ou ainda, para fins de auditoria.</span></span></span></p>\r\n<h3>9. DADOS DE MENORES DE IDADE</h3>\r\n<p class=\"western\" style=\"text-align: justify; \"><span style=\"font-family: arial, sans-serif; \"><span><span style=\"color: #000000; \">A </span><span style=\"color: #000000; \"><b>C\u00e2mara de C\u00e1ceres</b></span><span style=\"color: #000000; \"> valoriza profundamente a privacidade e a seguran\u00e7a dos dados dos nossos usu\u00e1rios, especialmente quando se trata de crian\u00e7as e adolescentes. Reconhecemos a import\u00e2ncia de proteger as informa\u00e7\u00f5es pessoais de menores de idade e estamos comprometidos em cumprir todas as leis e regulamenta\u00e7\u00f5es aplic\u00e1veis relacionadas \u00e0 privacidade infantil, incluindo, mas n\u00e3o se limitando \u00e0 Lei Geral de Prote\u00e7\u00e3o de Dados (LGPD).</span></span></span></p>\r\n<h3>10. ENCARREGADO PELO TRATAMENTO DE DADOS PESSOAIS</h3>\r\n<p class=\"western\" style=\"text-align: justify; \"><span style=\"font-family: arial, sans-serif; \"><span><span style=\"color: #000000; \">A </span><span style=\"color: #000000; \"><b>C\u00e2mara de C\u00e1ceres</b></span><span style=\"color: #000000; \"> conta com um Encarregado pelo Tratamento dos Dados Pessoais, incumbido de guiar nossas opera\u00e7\u00f5es de acordo com a legisla\u00e7\u00e3o, al\u00e9m de receber e responder a reclama\u00e7\u00f5es e comunica\u00e7\u00f5es dos titulares de dados pessoais e das autoridades, oferecendo esclarecimentos quando necess\u00e1rio.</span></span></span></p>\r\n<p class=\"western\" style=\"text-align: justify; \"><span style=\"font-family: arial, sans-serif; \"><span><span style=\"color: #000000; \">Desta forma, o encarregado(a) pelo tratamento de dados pessoais (DPO) \u00e9 o(a) Sr(a). Jefferson Blun com endere\u00e7o eletr\u00f4nico, dpo@caceres.mt.leg.br, sob n\u00b0 de telefone, (65) 3190-0045. Sendo que em caso de aus\u00eancia, a pessoa respons\u00e1vel como encarregada(a) substituto(a) \u00e9 </span><span style=\"color: #000000; \"><span>Danilo Antoniassi</span></span><span style=\"color: #000000; \">, endere\u00e7o eletr\u00f4nico </span><span style=\"color: #000000; \"><span>dpo@caceres.mt.leg.br</span></span><span style=\"color: #000000; \">, sob n\u00b0 de telefone </span><span style=\"color: #000000; \"><span>(65) 3190-0045</span></span><span style=\"color: #000000; \">.</span></span></span></p>\r\n<h3>11. ATUALIZA\u00c7\u00d5ES NO AVISO DE PRIVACIDADE</h3>\r\n<p class=\"western\"><span style=\"font-family: arial, sans-serif; \"><span><span style=\"color: #000000; \">Nosso aviso de privacidade est\u00e1 em constante aperfei\u00e7oamento e melhoria, por isso nos reservamos no direito de modific\u00e1-la a qualquer momento, sem pr\u00e9vio aviso. Para ter conhecimento das modifica\u00e7\u00f5es, recomendamos que voc\u00ea visite nossa p\u00e1gina periodicamente.</span><span style=\"color: #000000; \"><b> </b></span></span></span></p>\r\n<h3>12. CONTATO</h3>\r\n<p class=\"western\" style=\"text-align: justify; \"><span style=\"font-family: arial, sans-serif; \"><span>Se voc\u00ea tem qualquer questionamento sobre este Aviso de Privacidade, sobre como n\u00f3s manipulamos seus dados pessoais, gostaria de exercer algum de seus direitos previstos na LGPD, ou em caso de viola\u00e7\u00e3o, n\u00e3o conformidade ou qualquer irregularidade relacionada \u00e0 opera\u00e7\u00e3o com dados pessoais, efetuadas por n\u00f3s ou nossos parceiros/fornecedores, por favor contate o nosso Encarregado de Dados pelo e-mail<span style=\"color: #666666; \"> </span><span style=\"color: #000000; \">dpo@caceres.mt.leg.br.</span></span></span></p>\r\n<p class=\"western\">\u00a0<span style=\"font-family: arial, sans-serif; \">\u00daltima atualiza\u00e7\u00e3o,</span><span style=\"font-family: arial, sans-serif; \"> </span><span style=\"font-family: arial, sans-serif; \">19</span><span style=\"font-family: arial, sans-serif; \"> </span><span style=\"font-family: arial, sans-serif; \">de</span><span style=\"font-family: arial, sans-serif; \"> </span><span style=\"font-family: arial, sans-serif; \">agosto</span><span style=\"font-family: arial, sans-serif; \"> </span><span style=\"font-family: arial, sans-serif; \">de</span><span style=\"font-family: arial, sans-serif; \"> </span><span style=\"font-family: arial, sans-serif; \">2025.</span></p>\r\n<p class=\"western\"><span style=\"font-family: arial, sans-serif; \"><br /></span></p>\r\n<h3 class=\"internal-link\"><span style=\"font-family: arial, sans-serif; \"><a title=\"Aviso de Privacidade C\u00e2mara Municipal de C\u00e1ceres\" href=\"https://www.caceres.mt.leg.br/lgpd/aviso-de-privacidade/aviso-de-privacidade-da-camara-municipal-de-caceres\" class=\"internal-link\" target=\"_self\">Download do Aviso de Privacidade\u00a0<img src=\"https://www.caceres.mt.leg.br/banco-de-imagens/clique.png/@@images/3ab96263-c2c0-4293-a66a-3d7872abeb98.png\" alt=\"Clique aqui\" class=\"image-inline\" title=\"Clique aqui\" /></a></span></h3>", "author_name": "", "version": "1.0", "author_url": "https://www.caceres.mt.leg.br/author/ouvidor", "provider_name": "C\u00e2mara Municipal de C\u00e1ceres", "type": "rich"}