{"provider_url": "https://www.caceres.mt.leg.br", "title": "\u00cdCONE CACERENSE: Parentes e amigos ressaltam determina\u00e7\u00e3o e resili\u00eancia de Adilson Reis", "html": "<p>Familiares, amigos e popula\u00e7\u00e3o vieram \u00e0 C\u00e2mara de C\u00e1ceres prestar condol\u00eancias, homenagens e se despedir do engenheiro civil, Adilson Domingos dos Reis, que faleceu aos 76 anos na madrugada desta ter\u00e7a-feira (4/2). O corpo de Reis foi velado durante toda a tarde e noite de ter\u00e7a, no plen\u00e1rio da casa de leis. A cerim\u00f4nia contou com a presen\u00e7a de diversas autoridades pol\u00edticas e figuras ilustres da cidade.\u00a0</p>\r\n<p>O plen\u00e1rio ficou repleto de coroas de flores que foram enviadas por fam\u00edlias tradicionais da cidade e por entidades municipais e estaduais, como a pr\u00f3pria C\u00e2mara, a Prefeitura de C\u00e1ceres e o Governo do Estado, por meio da Secretaria de Desenvolvimento Econ\u00f4mico (Sedec-MT).</p>\r\n<p><img src=\"https://www.caceres.mt.leg.br/institucional/fotos/velorio-adilson-santos-dos-reis/velorio-adilson-reis_05_02_25-4/@@images/4841b575-67a7-4992-862d-bb4c6176a06e.jpeg\" alt=\"Vel\u00f3rio Adilson Reis_05_02_25\" class=\"image-inline\" title=\"Vel\u00f3rio Adilson Reis_05_02_25\" /></p>\r\n<p>Ap\u00f3s o vel\u00f3rio, o corpo de Reis seguiu em cortejo f\u00fanebre pelas ruas de C\u00e1ceres. O corpo foi conduzido com todas as horarias pela Marinha do Brasil. H\u00e1 muitos anos atr\u00e1s, Reis foi agraciado pela encomenda \"Amigos da Marinha\", entregue a personalidades que se destacam na divulga\u00e7\u00e3o da mentalidade mar\u00edtima e na defesa dos interesses da Marinha.</p>\r\n<p><img src=\"https://www.caceres.mt.leg.br/institucional/fotos/velorio-adilson-santos-dos-reis/velorio-adilson-reis_05_02_25-3/@@images/0a856dbc-c29a-49ea-8a47-266304c7ddcc.jpeg\" alt=\"Vel\u00f3rio Adilson Reis_05_02_25\" class=\"image-inline\" title=\"Vel\u00f3rio Adilson Reis_05_02_25\" /></p>\r\n<p><span>Ele foi sepultado por volta das 9h desta quarta-feira (5/02) no Cemit\u00e9rio S\u00e3o Jo\u00e3o Batista, que fica ao lado do quartel da Pol\u00edtica Militar, na Avenida 7 de Setembro.</span></p>\r\n<p><strong>DEPOIMENTOS</strong></p>\r\n<p>Familiares e amigos fizeram quest\u00e3o de destacar o legado deixado por Reis para C\u00e1ceres. Ressaltaram sua determina\u00e7\u00e3o, resili\u00eancia e perserveran\u00e7a na implanta\u00e7\u00e3o da Zona de Processamento e Exporta\u00e7\u00e3o (ZPE) de C\u00e1ceres, que deve ser inaugurada no pr\u00f3ximo m\u00eas de mar\u00e7o, pelo governador Mauro Mendes.</p>\r\n<p>O presidente da C\u00e2mara, vereador Fl\u00e1vio Nega\u00e7\u00e3o, fez quest\u00e3o de ressatar a constante luta de Reis em prol do desenvolvimento da cidade. \"Era um homem correto, humilde, que pensava no bem comum. N\u00e3o tinha vaidades. Seu objetivo era a prosperidade econ\u00f4mica e social de C\u00e1ceres. Por isso lutou tanto pela ZPE e por outras obras importantes de infraestrutura e log\u00edstica para o munic\u00edpio. Estamos falando de um \u00edcone de C\u00e1ceres\", reverenciou o parlamentar.</p>\r\n<p><span>J\u00e1 o vice-presidente da C\u00e2mara, vereador Isa\u00edas Bezerra destacou os feitos de Reis para a cidade.\u00a0</span><span>\"Al\u00e9m dessa grande obra de futuro, que \u00e9 a ZPE, da qual ele lutou, h\u00e1 outra obra grandiosa, com participa\u00e7\u00e3o dele, que ser\u00e1 a travessia urbana de C\u00e1ceres. Em nenhum momento cobrou um centavo\u00a0</span><span>de tudo que j\u00e1 apresentou e fez por C\u00e1ceres. Ningu\u00e9m tem o arsenal e arquivo do que foi e o que \u00e9 C\u00e1ceres, como Adilson Reis. Um homem muito humilde e muito simples. Essa \u00e9 a riqueza que iremos carregar para sempre dele \", declarou.</span></p>\r\n<p><img src=\"https://www.caceres.mt.leg.br/institucional/fotos/velorio-adilson-santos-dos-reis/velorio-adilson-reis_05_02_25-2/@@images/fbce92a6-3c28-4159-a9ae-38eed21df57d.jpeg\" alt=\"Vel\u00f3rio Adilson Reis_05_02_25\" class=\"image-inline\" title=\"Vel\u00f3rio Adilson Reis_05_02_25\" /></p>\r\n<p>A filha de Adilson Reis, Adilmira Reis, enfatizou a perserveran\u00e7a do pai. \"Meu pai foi um guerreiro, destemido. A palavra para o meu pai \u00e9 resili\u00eancia, prinicpalmente pela ZPE, que ele tanto sonhou e tantos desacreditaram, e ele foi at\u00e9 o fim e fez\", disse Adilmira. Ao longo de tr\u00eas d\u00e9cadas, Reis foi o principal entusiasta e articulador para a efetiva\u00e7\u00e3o do empreendimento na cidade.</p>\r\n<p>Ao ser peguntado qual o principal legado deixado pelo pai, Adilmira sintetiza: \"Foco, for\u00e7a e determina\u00e7\u00e3o. Meu pai nunca esmoreceu. Quando todo mundo n\u00e3o acreditava, ele acreditou. Meu pai deixa essa vida com 76 anos, com um curso de mestrado que ele estava conclu\u00edndo\", disse emocionada.</p>\r\n<p><img src=\"https://www.caceres.mt.leg.br/institucional/fotos/velorio-adilson-santos-dos-reis/velorio-adilson-reis_05_02_2025/@@images/0f905492-5409-46b9-991e-a33f629f97d9.jpeg\" alt=\"Vel\u00f3rio Adilson Reis_05_02_2025\" class=\"image-inline\" title=\"Vel\u00f3rio Adilson Reis_05_02_2025\" /></p>\r\n<p><span>J\u00e1 a empres\u00e1ria da comunica\u00e7\u00e3o, Maridalva Amaral Vignardi, foi amiga de longa data de Reis. Propriet\u00e1ria da R\u00e1dio Difusora de C\u00e1ceres - um dos ve\u00edculos de comunica\u00e7\u00e3o mais tradicionais da cidade - ela lembrou que Reis foi o respons\u00e1vel pelo primeiro projeto das instala\u00e7\u00f5es da r\u00e1dio, em 1977. \"Era um grande amigo, um excelente pai, esposo, sempre prestativo, uma perda irrepar\u00e1vel\", resumiu Maridalva.</span></p>\r\n<p>Wilson Kishi, ex-vereador e atual secret\u00e1rio de Administra\u00e7\u00e3o do munic\u00edpio, definiu Reis como uma pessoa \"espetacular\". Comentou que eram \"amigos de verdade\", indepentende de quest\u00f5es pol\u00edticas. Amizade que se evidenciava em longas conversas no escrit\u00f3rio de Reis.\u00a0</p>\r\n<p>\"Sempre sereno em todas as quest\u00f5es. Quando eu chegava no escrit\u00f3rio dele para tratar de um assunto espec\u00edfico, a gente estendia a conversa para outro rumo. De repente, tinha dado tr\u00eas horas de bate-papo, e at\u00e9 assust\u00e1vamos com o hor\u00e1rio\", recordou Kishi, com os olhos marejados.\u00a0</p>\r\n<p>Em nome da prefeita Eliene Liberato, ele tamb\u00e9m agradeceu a grande contribui\u00e7\u00e3o e conhecimento de Reis, quando ocupou o cargo de Secret\u00e1rio de Planejamento, em gest\u00f5es passadas. \"C\u00e1ceres agradece muito a contribui\u00e7\u00e3o e conhecimento do Adilson em todos os momentos em que o procuravam, para tratar de quest\u00f5es log\u00edsticas e pensar no desenvolvimento social e econ\u00f4mico da cidade\", refor\u00e7ou Kishi.</p>\r\n<p><img src=\"https://www.caceres.mt.leg.br/institucional/fotos/camara-participam-de-visita-de-empresarios-chineses-zpe-20-10-23/reuniao-com-chineses-sobre-a-zpe-foto-wilson-kishi-2/@@images/4e752b87-4654-4dcf-bcd3-c925b08e8e45.jpeg\" alt=\"Reuni\u00e3o com chineses sobre a ZPE. Foto: Wilson Kishi\" class=\"image-inline\" title=\"Reuni\u00e3o com chineses sobre a ZPE. Foto: Wilson Kishi\" /></p>\r\n<p><span>O ex-presidente da C\u00e2mara, Marcio Lacerda, outro amigo pr\u00f3ximo, ressaltou a paix\u00e3o incondicional que Reis tinha por C\u00e1ceres. \"Uma pessoa que conhecia a fundo os temas importantes para a cidade, como a log\u00edstica por exemplo, navega\u00e7\u00e3o, rodovias... era uma pessoa que tinha o DNA cacerense. Uma figura que andava pelas ruas, que conhecia todo mundo e participava dos principais eventos da cidade\", declarou.\u00a0</span></p>\r\n<p><span>Os tamb\u00e9m ex-presidentes do Poder Legislativo, vereador Rubens Macedo e o ex-vereador L\u00facio Oliveira Filho lembraram de fatos pol\u00edticos hist\u00f3ricos protagonizado por Reis. Rubens - decano da C\u00e2mara - recordou que em 1987 foi \u00e0 Bras\u00edlia junto com Adilson Reis entregar um t\u00edtulo de Cidad\u00e3o Cacerense ao presidente Jos\u00e9 Sarney, e tamb\u00e9m viabilizar assinatura do decreto de implanta\u00e7\u00e3o da ZPE.\u00a0</span><span>\"Doutor Adilson s\u00f3 faltou ocupar um cargo eletivo aqui em C\u00e1ceres. Mas eu entendo que ele produziu muito mais do que muitas pessoas que tiveram essa oportunidade\", disse.\u00a0</span></p>\r\n<p>J\u00e1 L\u00facio Oliveira destacou que teve o privil\u00e9gio de Reis ter sido o padrinho de batismo da filha. Ele tamb\u00e9m lembrou da atua\u00e7\u00e3o pol\u00edtica do engenheiro civil na d\u00e9cada de 90. \"Fundamos o PSDB na cidade. Ele foi a filia\u00e7\u00e3o n\u00famero um, a minha esposa foi a filia\u00e7\u00e3o n\u00famero 2 e eu fui o quinto filiado da legenda. Em 92, quando me elegi vereador, foi muito por ajuda dele\", recordou.\u00a0</p>\r\n<p>O vereador Franco Val\u00e9rio fez quest\u00e3o de ressaltar as in\u00fameras qualidades de Reis. \"Adilson deixa um grande legado na engenharia e pol\u00edtica. \u00c9 o marco incial da ZPE. Um grande conhecedor da coisa p\u00fablica, da arquitetura urbana... um grande estudioso contempor\u00e2neo. Um homem de grandes responsabilidades: acordava cedo, trabalhava at\u00e9 a noite, n\u00e3o tinha hor\u00e1rio. S\u00e3o muito adjetivos para qualific\u00e1-lo\", disse Franco.\u00a0</p>\r\n<p>\u00a0</p>\r\n<p><em>Por Marcio Camilo</em><br /><em>Sec. Imprensa - CMC</em></p>", "author_name": "", "version": "1.0", "author_url": "https://www.caceres.mt.leg.br/author/marciocamilo", "provider_name": "C\u00e2mara Municipal de C\u00e1ceres", "type": "rich"}