{"provider_url": "https://www.caceres.mt.leg.br", "title": "Esclarecimento sobre poss\u00edvel 'CPI das Obras'", "html": "<p>A Presid\u00eancia da C\u00e2mara Municipal de C\u00e1ceres vem a p\u00fablico esclarecer sobre a solicita\u00e7\u00e3o de abertura da denominada \"CPI das Obras\".</p>\r\n<p>Embora tenha havido a leitura da referida solicita\u00e7\u00e3o durante a Tribuna Livre da sess\u00e3o ordin\u00e1ria do \u00faltimo dia 09 de junho, pelo vereador Jer\u00f4nimo Gon\u00e7alves (PL), com a anu\u00eancia dos vereadores signat\u00e1rios Pastor J\u00fanior (PL), C\u00e9zare Pastorello (PT) e Elis Enfermeira (PL), informamos que at\u00e9 a presente data n\u00e3o h\u00e1 registro de protocolo formalizado junto a esta Presid\u00eancia referente a esse pedido.</p>\r\n<p>Reiteramos o compromisso desta casa legislativa com a transpar\u00eancia e a legalidade em todos os seus procedimentos e aguardamos o protocolo formal para que possamos dar o devido encaminhamento \u00e0 solicita\u00e7\u00e3o, em conformidade com o Regimento Interno.</p>\r\n<p><em>Atenciosamente,</em></p>\r\n<p style=\"text-align: right; \"><strong>Fl\u00e1vio Nega\u00e7\u00e3o</strong><br /><em>Presidente da C\u00e2mara Municipal de C\u00e1ceres-MT, 27 de junho de 2025</em></p>", "author_name": "Por Sec. Imprensa - CMC", "version": "1.0", "author_url": "https://www.caceres.mt.leg.br/author/Por Sec. Imprensa - CMC", "provider_name": "C\u00e2mara Municipal de C\u00e1ceres", "type": "rich"}