{"provider_url": "https://www.caceres.mt.leg.br", "title": "Fun\u00e7\u00e3o e Defini\u00e7\u00e3o", "html": "<p style=\"text-align: center; \"><span class=\"WdYUQQ\"><img src=\"https://www.caceres.mt.leg.br/banco-de-imagens/Funo.png/@@images/82b742b6-d153-4ea4-ad1c-7e7c801dcf1a.png\" alt=\"Fun\u00e7\u00e3o\" class=\"image-inline\" title=\"Fun\u00e7\u00e3o\" /></span></p>\r\n<p style=\"text-align: center; \"><span class=\"WdYUQQ\"><br /></span></p>\r\n<h3 class=\"mceContentBody documentContent template-document_view portaltype-document site-portal section-institucional subsection-funcao-e-definicao subsection-funcao-e-definicao-pagina-padrao icons-on userrole-authenticated userrole-site administrator userrole-member userrole-manager userrole-editor userrole-contributor userrole-reviewer\" style=\"text-align: justify; \"><span class=\"WdYUQQ\">\u00a0 \u00a0 A C\u00e2mara Municipal \u00e9 \u00f3rg\u00e3o legislativo e fiscalizador do Munic\u00edpio e \u00e9 composta por Vereadores eleitos nas condi\u00e7\u00f5es e termos da legisla\u00e7\u00e3o vigente.</span></h3>\r\n<h3 class=\"mceContentBody documentContent template-document_view portaltype-document site-portal section-institucional subsection-funcao-e-definicao subsection-funcao-e-definicao-pagina-padrao icons-on userrole-authenticated userrole-site administrator userrole-member userrole-manager userrole-editor userrole-contributor userrole-reviewer\" style=\"text-align: justify; \"><span class=\"WdYUQQ white-space-prewrap\"></span><span class=\"WdYUQQ\">\u00a0 Tem a responsabilidade de discutir, elaborar e apreciar as leis que regem a vida em sociedade, \u00e9 de compet\u00eancia da C\u00e2mara Municipal legislar sobre assuntos de interesse local, suplementar \u00e0 legisla\u00e7\u00e3o federal e estadual e fiscalizar, mediante a fun\u00e7\u00e3o de controle externo, as contas e a gest\u00e3o do munic\u00edpio.</span></h3>\r\n<h3 class=\"mceContentBody documentContent template-document_view portaltype-document site-portal section-institucional subsection-funcao-e-definicao subsection-funcao-e-definicao-pagina-padrao icons-on userrole-authenticated userrole-site administrator userrole-member userrole-manager userrole-editor userrole-contributor userrole-reviewer\" style=\"text-align: justify; \"><span class=\"WdYUQQ white-space-prewrap\"></span><span class=\"WdYUQQ\">\u00a0 \u00a0Al\u00e9m destas ainda possui a fun\u00e7\u00e3o administrativa que \u00e9 restrita \u00e0 sua organiza\u00e7\u00e3o interna, \u00e0 regulamenta\u00e7\u00e3o de seu funcionamento e \u00e0 estrutura e dire\u00e7\u00e3o de seus servi\u00e7os auxiliares.</span></h3>\r\n<p><span class=\"WdYUQQ\"><br /></span></p>\r\n<p><span class=\"WdYUQQ\"><br /></span></p>\r\n<h3 style=\"text-align: center; \"><strong><span class=\"WdYUQQ\">COMPET\u00caNCIAS DA MESA DIRETORA SEGUNDO A LEI ORG\u00c2NICA MUNICIPAL DE C\u00c1CERES</span></strong></h3>\r\n<p><strong><span class=\"WdYUQQ\"><br /></span></strong></p>\r\n<p><strong><span class=\"WdYUQQ\"><span class=\"fontstyle0\"><span class=\"fontstyle0\">Se\u00e7\u00e3o IV </span></span></span></strong></p>\r\n<p><strong><span class=\"WdYUQQ\"><span class=\"fontstyle0\"><span class=\"fontstyle0\">Da Compet\u00eancia da Mesa Diretora da C\u00e2mara</span></span></span></strong></p>\r\n<p style=\"text-align: justify; \"><strong><span class=\"WdYUQQ\"><span class=\"fontstyle0\">Art. 22. </span><span class=\"fontstyle2\">\u00c0 Mesa Diretora, dentre outras atribui\u00e7\u00f5es legais, compete</span><span class=\"fontstyle2\">\u00a0</span><span class=\"fontstyle3\"><span class=\"fontstyle3\">(Emenda n\u00ba 10 de 03/12/2003);</span></span></span></strong></p>\r\n<p style=\"text-align: justify; \"><strong><span class=\"WdYUQQ\"><span class=\"fontstyle3\"><span class=\"fontstyle3\"></span></span></span></strong><strong><span class=\"WdYUQQ\"><span class=\"fontstyle0\">I </span><span class=\"fontstyle2\">\u2013 propor Projetos de Resolu\u00e7\u00e3o que criem ou extinguem cargos da estrutura funcional da C\u00e2mara Municipal e fixem os respectivos vencimentos</span><span class=\"fontstyle2\">\u00a0</span><span class=\"fontstyle3\">(Emenda n\u00ba 11 de 07/03/2005);</span></span></strong></p>\r\n<p style=\"text-align: justify; \"><strong><span class=\"WdYUQQ\"><span class=\"fontstyle3\"></span><span class=\"fontstyle0\">II </span><span class=\"fontstyle2\">\u2013 elaborar e expedir mediante ato pr\u00f3prio \u00e0 discrimina\u00e7\u00e3o anal\u00edtica das dota\u00e7\u00f5es or\u00e7ament\u00e1rias da C\u00e2mara, bem como solicitar ao Executivo as suas altera\u00e7\u00f5es, quando necess\u00e1rias\u00a0</span><span class=\"fontstyle3\">(Emenda n\u00ba 10 de 03/12/2003);</span></span></strong></p>\r\n<p style=\"text-align: justify; \"><strong><span class=\"WdYUQQ\"><span class=\"fontstyle3\"></span><span class=\"fontstyle0\">III </span><span class=\"fontstyle2\">- contratar pessoal, na forma da Lei, por tempo determinado, para atender a necessidade tempor\u00e1ria de excepcional interesse p\u00fablico, devidamente comprovado</span><span class=\"fontstyle2\">\u00a0</span><span class=\"fontstyle3\"><span class=\"fontstyle3\">(Emenda n\u00ba 10 de 03/12/2003);</span></span></span></strong></p>\r\n<p style=\"text-align: justify; \"><strong><span class=\"WdYUQQ\"><span class=\"fontstyle0\">IV </span><span class=\"fontstyle2\">- representar junto ao Executivo, sobre necessidade de economia interna do munic\u00edpio</span></span></strong>\u00a0<strong><span class=\"WdYUQQ\"><span class=\"fontstyle3\"><span class=\"fontstyle3\">(Emenda n\u00ba 10 de 03/12/2003);</span></span></span></strong></p>\r\n<p style=\"text-align: justify; \"><strong><span class=\"WdYUQQ\"><span class=\"fontstyle0\">V </span><span class=\"fontstyle2\">\u2013 solicitar junto ao Executivo a suplementa\u00e7\u00e3o das dota\u00e7\u00f5es or\u00e7ament\u00e1rias, observado o limite previsto na Lei Or\u00e7ament\u00e1ria Anual</span><span class=\"fontstyle2\">\u00a0</span><span class=\"fontstyle3\">(Emenda n\u00ba 10 de 03/12/2003);</span></span></strong></p>\r\n<p style=\"text-align: justify; \"><strong><span class=\"WdYUQQ\"><span class=\"fontstyle3\"></span><span class=\"fontstyle0\">VI </span><span class=\"fontstyle2\">- suplementar, mediante Ato, as dota\u00e7\u00f5es do Or\u00e7amento da C\u00e2mara observado o limite da autoriza\u00e7\u00e3o constante da Lei Or\u00e7ament\u00e1ria desde que os recursos para sua abertura sejam provenientes da anula\u00e7\u00e3o total ou parcial de suas dota\u00e7\u00f5es or\u00e7ament\u00e1rias;</span></span></strong></p>\r\n<p style=\"text-align: justify; \"><strong><span class=\"WdYUQQ\"><span class=\"fontstyle2\"></span><span class=\"fontstyle0\">VII </span><span class=\"fontstyle2\">- devolver \u00e0 Tesouraria da Prefeitura o Saldo de Caixa existente na C\u00e2mara, ao final do exerc\u00edcio;</span></span></strong></p>\r\n<p style=\"text-align: justify; \"><strong><span class=\"WdYUQQ\"><span class=\"fontstyle2\"></span><span class=\"fontstyle0\">VIII </span><span class=\"fontstyle2\">- enviar ao Prefeito, at\u00e9 o dia primeiro de mar\u00e7o, as contas do exerc\u00edcio anterior;</span></span></strong></p>\r\n<p style=\"text-align: justify; \"><strong><span class=\"WdYUQQ\"><span class=\"fontstyle0\">IX </span><span class=\"fontstyle2\">- nomear, promover, comissionar, conceder gratifica\u00e7\u00f5es, licen\u00e7as, colocar servidor em disponibilidade, exonerar, demitir e punir servidores p\u00fablicos da C\u00e2mara, nos termos da lei\u00a0</span></span></strong><strong><span class=\"WdYUQQ\"><span class=\"fontstyle3\"><span class=\"fontstyle3\">(Emenda n\u00ba 10 de 03/12/2003);</span></span></span></strong>\u00a0</p>\r\n<p style=\"text-align: justify; \"><strong><span class=\"WdYUQQ\"><span class=\"fontstyle0\">X </span><span class=\"fontstyle2\">- convocar assessores diretos da Administra\u00e7\u00e3o por proposta de Vereador, aprovada pelo Plen\u00e1rio para prestarem informa\u00e7\u00f5es de interesse p\u00fablico, sobre assunto previamente determinado, importando em crime contra a Administra\u00e7\u00e3o, o n\u00e3o comparecimento dos mesmos, sem motivo justificado</span><span class=\"fontstyle2\">\u00a0</span><span class=\"fontstyle3\">(Emenda n\u00ba 10 de 03/12/2003).</span><br /></span></strong></p>\r\n<p style=\"text-align: justify; \"><strong><span class=\"WdYUQQ\"><br /></span><span class=\"WdYUQQ\">OBS.:</span><span class=\"WdYUQQ\"> Outras compet\u00eancias espec\u00edficas da Mesa Diretora tamb\u00e9m est\u00e3o relacionadas no Reimento Interno da C\u00e2mara Municipal de C\u00e1ceres em seu Cap\u00edtulo II.</span></strong></p>\r\n<p style=\"text-align: justify; \"><strong><span class=\"WdYUQQ\"><br /><a title=\"Lei org\u00e2nica\" href=\"resolveuid/d8a631ee92fc49aab1b41c1f98b094db\" class=\"internal-link\" target=\"_self\">CLIQUE AQUI PARA ACESSO \u00c0 LEI ORG\u00c2NICA MUNICIPAL DE C\u00c1CERES\u00a0<img src=\"https://www.caceres.mt.leg.br/banco-de-imagens/clique.png/@@images/3ab96263-c2c0-4293-a66a-3d7872abeb98.png\" alt=\"Clique aqui\" class=\"image-inline\" title=\"Clique aqui\" /></a></span></strong></p>\r\n<p style=\"text-align: justify; \"><strong><span class=\"WdYUQQ\"><a title=\"\" href=\"https://www.caceres.mt.leg.br/institucional/base-juridica/regimento-interno\" class=\"internal-link\" target=\"_self\">CLIQUE AQUI PARA ACESSAR O REGIMENTO INTERNO DA C\u00c2MARA MUNICIPAL DE C\u00c1CERES\u00a0<img src=\"https://www.caceres.mt.leg.br/banco-de-imagens/clique.png/@@images/3ab96263-c2c0-4293-a66a-3d7872abeb98.png\" alt=\"Clique aqui\" class=\"image-inline\" title=\"Clique aqui\" /></a></span></strong></p>", "author_name": "Interlegis", "version": "1.0", "author_url": "https://www.caceres.mt.leg.br/author/Interlegis", "provider_name": "C\u00e2mara Municipal de C\u00e1ceres", "type": "rich"}